{"id":20365,"date":"2024-12-31T10:45:15","date_gmt":"2024-12-31T10:45:15","guid":{"rendered":"https:\/\/247stiri.ro\/index.php\/2024\/12\/31\/maestrul-florin-zamfirescu-a-anuntat-apocalipsa-pentru-actuala-putere-poporul-roman-o-sa-ii-mature-de-foame\/"},"modified":"2024-12-31T10:45:15","modified_gmt":"2024-12-31T10:45:15","slug":"maestrul-florin-zamfirescu-a-anuntat-apocalipsa-pentru-actuala-putere-poporul-roman-o-sa-ii-mature-de-foame","status":"publish","type":"post","link":"https:\/\/247stiri.ro\/index.php\/2024\/12\/31\/maestrul-florin-zamfirescu-a-anuntat-apocalipsa-pentru-actuala-putere-poporul-roman-o-sa-ii-mature-de-foame\/","title":{"rendered":"Maestrul Florin Zamfirescu a anun\u021bat apocalipsa pentru actuala putere: \u201ePoporul rom\u00e2n o s\u0103 \u00eei m\u0103ture de foame!\u201d"},"content":{"rendered":"<p>\u201eNu a avut motive s\u0103-l opreasc\u0103, s\u0103-l interzic\u0103 pe C\u0103lin Georgescu.\u00a0Dar eu v\u0103 spun c\u0103 motivele acestea nu vor veni de la C\u0103lin Georgescu.\u00a0Motivele ca poporul rom\u00e2n s\u0103 se revolte, s\u0103 fac\u0103 ceva, poate necugetat, le d\u0103 Ciolacu.<\/p>\n<p>\u00a0<\/p>\n<p>Imediat dup\u0103 s\u0103rb\u0103tori, da\u021bi-v\u0103 bine seama, situa\u021bia Rom\u00e2niei \u0219i a poporului rom\u00e2n este at\u00e2t de groaznic\u0103,\u00a0a\u0219a c\u0103 eu propun tuturor s\u0103 st\u0103m lini\u0219ti\u021bi, adic\u0103 s\u0103 a\u0219tept\u0103m lini\u0219ti\u021bi la locurile noastre, cum ne-a sf\u0103tuit Elena Ceau\u0219escu,\u00a0pentru c\u0103 actuala putere va fi m\u0103turat\u0103 de un tsunami cum nici nu te a\u0219teapt\u0103, nici nu-i vine s\u0103 cread\u0103.\u00a0V\u0103 rog, crede\u021bi-m\u0103, a\u0219a va fi. Uita\u021bi-v\u0103 la \u0219tiin\u021bele celelalte, uita\u021bi-v\u0103 la foamete, uita\u021bi-v\u0103 la t\u0103ieri de pensii,\u00a0la opri, la bloc\u0103ri de salarii, uita\u021bi-v\u0103 la scumpiri.<\/p>\n<p>\u00a0<\/p>\n<p>De o or\u0103 dup\u0103 1 ianuarie se scumpe\u0219te benzina, se scumpe\u0219te curentul,\u00a0se scumpesc toate. Dumneavoastr\u0103, crede\u021bi? \u0102\u0219tia sunt incon\u0219tien\u021bi care sunt acum la putere. Deci nu-i vor g\u0103si \u0219i n-au ce s\u0103-i caute lui C\u0103lin Georgescu\u00a0s\u0103-l opreasc\u0103 din anticipate, n-au ce.<\/p>\n<p>\u00a0<\/p>\n<p>Poporul rom\u00e2n le va da motive s\u0103 fug\u0103. Nu uita\u021bi ce s-a \u00eent\u00e2mplat \u00een 89, c\u0103 Georgescu nu fugea de pl\u0103cere.\u00a0Suntem amenin\u021ba\u021bi c\u0103 pe foame facem, cum se cheam\u0103, blocaj general, c\u0103 nu mai este nimeni.<\/p>\n<p>\u00a0<\/p>\n<p>Poporul rom\u00e2n o s\u0103-i m\u0103ture de foame. Nu C\u0103lin Georgescu, domnule!\u201d, a declarat Florin Zamfirescu.<\/p>","protected":false},"excerpt":{"rendered":"<p>\u201eNu a avut motive s\u0103-l opreasc\u0103, s\u0103-l interzic\u0103 pe C\u0103lin Georgescu.\u00a0Dar eu v\u0103 spun c\u0103&hellip;<\/p>\n","protected":false},"author":0,"featured_media":20334,"comment_status":"open","ping_status":"open","sticky":false,"template":"","format":"standard","meta":{"footnotes":""},"categories":[2],"tags":[],"class_list":["post-20365","post","type-post","status-publish","format-standard","has-post-thumbnail","hentry","category-actual"],"_links":{"self":[{"href":"https:\/\/247stiri.ro\/index.php\/wp-json\/wp\/v2\/posts\/20365","targetHints":{"allow":["GET"]}}],"collection":[{"href":"https:\/\/247stiri.ro\/index.php\/wp-json\/wp\/v2\/posts"}],"about":[{"href":"https:\/\/247stiri.ro\/index.php\/wp-json\/wp\/v2\/types\/post"}],"replies":[{"embeddable":true,"href":"https:\/\/247stiri.ro\/index.php\/wp-json\/wp\/v2\/comments?post=20365"}],"version-history":[{"count":0,"href":"https:\/\/247stiri.ro\/index.php\/wp-json\/wp\/v2\/posts\/20365\/revisions"}],"wp:featuredmedia":[{"embeddable":true,"href":"https:\/\/247stiri.ro\/index.php\/wp-json\/wp\/v2\/media\/20334"}],"wp:attachment":[{"href":"https:\/\/247stiri.ro\/index.php\/wp-json\/wp\/v2\/media?parent=20365"}],"wp:term":[{"taxonomy":"category","embeddable":true,"href":"https:\/\/247stiri.ro\/index.php\/wp-json\/wp\/v2\/categories?post=20365"},{"taxonomy":"post_tag","embeddable":true,"href":"https:\/\/247stiri.ro\/index.php\/wp-json\/wp\/v2\/tags?post=20365"}],"curies":[{"name":"wp","href":"https:\/\/api.w.org\/{rel}","templated":true}]}}