{"id":20403,"date":"2024-12-31T12:45:20","date_gmt":"2024-12-31T12:45:20","guid":{"rendered":"https:\/\/247stiri.ro\/index.php\/2024\/12\/31\/romania-cuprinsa-de-proteste-la-inceput-de-an-lider-sindical-dupa-adoptarea-ordonantei-trenulet-vom-avea-un-inceput-de-an-cu-proteste\/"},"modified":"2024-12-31T12:45:20","modified_gmt":"2024-12-31T12:45:20","slug":"romania-cuprinsa-de-proteste-la-inceput-de-an-lider-sindical-dupa-adoptarea-ordonantei-trenulet-vom-avea-un-inceput-de-an-cu-proteste","status":"publish","type":"post","link":"https:\/\/247stiri.ro\/index.php\/2024\/12\/31\/romania-cuprinsa-de-proteste-la-inceput-de-an-lider-sindical-dupa-adoptarea-ordonantei-trenulet-vom-avea-un-inceput-de-an-cu-proteste\/","title":{"rendered":"Rom\u00e2nia, cuprins\u0103 de proteste la \u00eenceput de an. Lider sindical, dup\u0103 adoptarea Ordonan\u021bei Trenule\u021b: \u201eVom avea un \u00eenceput de an cu proteste\u201d"},"content":{"rendered":"<p>Adoptarea ordonan\u021bei care prevede m\u0103suri fiscal-bugetare \u00een domeniul cheltuielilor publice va duce la proteste de durat\u0103 din partea sindicali\u0219tilor, sus\u021bine oficialul Cartel Alfa.<\/p>\n<p>\u201eVom avea un \u00eenceput de an cu proteste. Ce am v\u0103zut ieri \u00een Pia\u021ba Victoriei este probabil doar \u00eenceputul acestor mi\u0219c\u0103ri\u201d, a declarat Petru Dandea la RFI.<\/p>\n<p>Secretarul general al Confedera\u021biei Na\u021bionale Sindicale Cartel Alfa spune c\u0103 eliminarea pl\u0103\u021bii orelor suplimentare va lovi \u00een special activitatea din penitenciare.<\/p>\n<p>\u201e\u00cen zona penitenciarelor salaria\u021bii lucreaz\u0103 \u00een mod constant ore suplimentare, la nivelul sectorului penitenciarelor din Rom\u00e2nia exist\u00e2nd la mijlocul anului trecut peste dou\u0103 milioane de ore suplimentare lucrate de salaria\u021bi, cumulat\u201d, a explicat Petru Dandea.<\/p>\n<p>Eliminarea pl\u0103\u021bii orelor suplimentare va sublinia lipsa de personal \u0219i va agrava situa\u021bia, crede sindicalistul.<\/p>\n<p>\u201eNu po\u021bi s\u0103 vii s\u0103 spui acord\u0103m timp liber pentru orele suplimentare, pentru c\u0103 nu sunt ni\u0219te ore suplimentare ocazionale, sunt ore suplimentare care se lucreaz\u0103 \u00een permanen\u021b\u0103, din cauza acestei lipse de personal\u201d, a mai precizat secretarul general Cartel Alfa.<\/p>\n<p>\u00a0<\/p>","protected":false},"excerpt":{"rendered":"<p>Adoptarea ordonan\u021bei care prevede m\u0103suri fiscal-bugetare \u00een domeniul cheltuielilor publice va duce la proteste de&hellip;<\/p>\n","protected":false},"author":0,"featured_media":20404,"comment_status":"open","ping_status":"open","sticky":false,"template":"","format":"standard","meta":{"footnotes":""},"categories":[2],"tags":[],"class_list":["post-20403","post","type-post","status-publish","format-standard","has-post-thumbnail","hentry","category-actual"],"_links":{"self":[{"href":"https:\/\/247stiri.ro\/index.php\/wp-json\/wp\/v2\/posts\/20403","targetHints":{"allow":["GET"]}}],"collection":[{"href":"https:\/\/247stiri.ro\/index.php\/wp-json\/wp\/v2\/posts"}],"about":[{"href":"https:\/\/247stiri.ro\/index.php\/wp-json\/wp\/v2\/types\/post"}],"replies":[{"embeddable":true,"href":"https:\/\/247stiri.ro\/index.php\/wp-json\/wp\/v2\/comments?post=20403"}],"version-history":[{"count":0,"href":"https:\/\/247stiri.ro\/index.php\/wp-json\/wp\/v2\/posts\/20403\/revisions"}],"wp:featuredmedia":[{"embeddable":true,"href":"https:\/\/247stiri.ro\/index.php\/wp-json\/wp\/v2\/media\/20404"}],"wp:attachment":[{"href":"https:\/\/247stiri.ro\/index.php\/wp-json\/wp\/v2\/media?parent=20403"}],"wp:term":[{"taxonomy":"category","embeddable":true,"href":"https:\/\/247stiri.ro\/index.php\/wp-json\/wp\/v2\/categories?post=20403"},{"taxonomy":"post_tag","embeddable":true,"href":"https:\/\/247stiri.ro\/index.php\/wp-json\/wp\/v2\/tags?post=20403"}],"curies":[{"name":"wp","href":"https:\/\/api.w.org\/{rel}","templated":true}]}}