{"id":20415,"date":"2024-12-31T13:45:07","date_gmt":"2024-12-31T13:45:07","guid":{"rendered":"https:\/\/247stiri.ro\/index.php\/2024\/12\/31\/aur-sesizeaza-avocatul-poporului-pe-ordonanta-trenulet-vor-sa-introduca-un-pachet-de-masuri-abuzive-intr-un-mod-abuziv\/"},"modified":"2024-12-31T13:45:07","modified_gmt":"2024-12-31T13:45:07","slug":"aur-sesizeaza-avocatul-poporului-pe-ordonanta-trenulet-vor-sa-introduca-un-pachet-de-masuri-abuzive-intr-un-mod-abuziv","status":"publish","type":"post","link":"https:\/\/247stiri.ro\/index.php\/2024\/12\/31\/aur-sesizeaza-avocatul-poporului-pe-ordonanta-trenulet-vor-sa-introduca-un-pachet-de-masuri-abuzive-intr-un-mod-abuziv\/","title":{"rendered":"AUR sesizeaz\u0103 Avocatul Poporului pe ordonan\u021ba trenule\u021b. \u201eVor s\u0103 introduc\u0103 un pachet de m\u0103suri abuzive \u00eentr-un mod abuziv\u201d"},"content":{"rendered":"<p>\u201dSc\u0103pat, pentru moment, de povara alegerilor, Guvernul Ciolacu 2 demonstreaz\u0103 \u00eenc\u0103 o dat\u0103 nefunc\u0163ionalitatea administra\u0163iei pe care o conduce. Obliga\u0163i s\u0103 renun\u0163e la masca alegerilor, PSD &#8211; PNL &#8211; UDMR vor s\u0103 introduc\u0103 un pachet de m\u0103suri abuzive \u00eentr-un mod abuziv. Aceast\u0103 m\u0103sur\u0103 adoptat\u0103 de Guvern \u00eencalc\u0103 grav principiile fundamentale ale statului de drept, drepturile contribuabililor \u015fi echilibrul constitu\u0163ional, av\u00e2nd un impact devastator asupra economiei \u015fi mediului de afaceri din Rom\u00e2nia\u201d, arat\u0103 AUR \u00eentr-un comunicat.<\/p>\n<p>Sesizarea AUR eviden\u0163iaz\u0103 \u00eenc\u0103lcarea flagrant\u0103 a principiului predictibilit\u0103\u0163ii fiscale. Conform art. 4 alin. (1) din Codul Fiscal, orice modificare legislativ\u0103 \u00een domeniul fiscal trebuie anun\u0163at\u0103 cu cel pu\u0163in \u015fase luni \u00eenainte de intrarea \u00een vigoare. Totodat\u0103, art. 6 alin. (1) din Codul Fiscal prevede c\u0103 normele fiscale trebuie s\u0103 fie clare, previzibile \u015fi s\u0103 asigure o aplicare unitar\u0103.<\/p>\n<p>Prin aceste modific\u0103ri bru\u015fte, companiile sunt afectate grav, fiind destabilizate planurile financiare \u015fi bugetele deja aprobate, iar locurile de munc\u0103 sunt puse \u00een pericol. De asemenea, sesizarea subliniaz\u0103 lipsa unei urgen\u0163e reale care s\u0103 justifice adoptarea acestei ordonan\u0163e, spune AUR.\u00a0<\/p>\n<p>\u201dConform art. 115 alin. (4) din Constitu\u0163ia Rom\u00e2niei, ordonan\u0163ele de urgen\u0163\u0103 pot fi emise doar \u00een situa\u0163ii extraordinare, care nu suport\u0103 am\u00e2nare. \u00cen cazul \u201eOrdonan\u0163ei Trenule\u0163\u201d, lipsa unei justific\u0103ri obiective face ca aceast\u0103 m\u0103sur\u0103 s\u0103 reprezinte un abuz clar de putere, submin\u00e2nd astfel principiile constitu\u0163ionale \u015fi afect\u00e2nd echilibrul democratic al statului.\u201d, mai subliniaz\u0103 AUR.<\/p>\n<p>Un alt aspect major semnalat este \u00eenc\u0103lcarea separa\u0163iei puterilor \u00een stat. Conform art. 1 alin. (4) din Constitu\u0163ie, statul rom\u00e2n func\u0163ioneaz\u0103 pe baza principiului separa\u0163iei \u015fi echilibrului puterilor \u2013 legislativ\u0103, executiv\u0103 \u015fi judec\u0103toreasc\u0103. Guvernul, prin adoptarea acestei ordonan\u0163e, \u015fi-a dep\u0103\u015fit atribu\u0163iile constitu\u0163ionale, golind de con\u0163inut rolul Parlamentului, singura autoritate legiuitoare a \u0163\u0103rii, prev\u0103zut de art. 61 alin. (1) din Constitu\u0163ie. AUR subliniaz\u0103 c\u0103 Avocatul Poporului are un rol esen\u0163ial \u00een acest context. Conform art. 15 alin. (1) din Legea nr. 35\/1997, Avocatul Poporului are dreptul \u015fi obliga\u0163ia de a sesiza Curtea Constitu\u0163ional\u0103 \u00een cazul unor acte normative care \u00eencalc\u0103 principiile constitu\u0163ionale.<\/p>\n<p>\u201eAvocatul Poporului are responsabilitatea de a interveni rapid pentru a sesiza Curtea Constitu\u0163ional\u0103 \u015fi a anula aceast\u0103 ordonan\u0163\u0103 abuziv\u0103. Avem \u00eencredere c\u0103 institu\u0163ia \u00ee\u015fi va face datoria \u015fi va ac\u0163iona prompt pentru a proteja contribuabilii \u015fi principiile fundamentale ale statului de drept\u201d, a declarat George Simion, pre\u015fedintele AUR. Alian\u0163a pentru Unirea Rom\u00e2nilor \u00ee\u015fi reafirm\u0103 angajamentul de a proteja interesele cet\u0103\u0163enilor rom\u00e2ni \u015fi de a combate orice form\u0103 de abuz legislativ! Vom continua s\u0103 inform\u0103m opinia public\u0103 despre acest demers \u015fi s\u0103 urm\u0103rim cu aten\u0163ie evolu\u0163ia acestuia!<\/p>","protected":false},"excerpt":{"rendered":"<p>\u201dSc\u0103pat, pentru moment, de povara alegerilor, Guvernul Ciolacu 2 demonstreaz\u0103 \u00eenc\u0103 o dat\u0103 nefunc\u0163ionalitatea administra\u0163iei&hellip;<\/p>\n","protected":false},"author":0,"featured_media":20408,"comment_status":"open","ping_status":"open","sticky":false,"template":"","format":"standard","meta":{"footnotes":""},"categories":[2],"tags":[],"class_list":["post-20415","post","type-post","status-publish","format-standard","has-post-thumbnail","hentry","category-actual"],"_links":{"self":[{"href":"https:\/\/247stiri.ro\/index.php\/wp-json\/wp\/v2\/posts\/20415","targetHints":{"allow":["GET"]}}],"collection":[{"href":"https:\/\/247stiri.ro\/index.php\/wp-json\/wp\/v2\/posts"}],"about":[{"href":"https:\/\/247stiri.ro\/index.php\/wp-json\/wp\/v2\/types\/post"}],"replies":[{"embeddable":true,"href":"https:\/\/247stiri.ro\/index.php\/wp-json\/wp\/v2\/comments?post=20415"}],"version-history":[{"count":0,"href":"https:\/\/247stiri.ro\/index.php\/wp-json\/wp\/v2\/posts\/20415\/revisions"}],"wp:featuredmedia":[{"embeddable":true,"href":"https:\/\/247stiri.ro\/index.php\/wp-json\/wp\/v2\/media\/20408"}],"wp:attachment":[{"href":"https:\/\/247stiri.ro\/index.php\/wp-json\/wp\/v2\/media?parent=20415"}],"wp:term":[{"taxonomy":"category","embeddable":true,"href":"https:\/\/247stiri.ro\/index.php\/wp-json\/wp\/v2\/categories?post=20415"},{"taxonomy":"post_tag","embeddable":true,"href":"https:\/\/247stiri.ro\/index.php\/wp-json\/wp\/v2\/tags?post=20415"}],"curies":[{"name":"wp","href":"https:\/\/api.w.org\/{rel}","templated":true}]}}