{"id":20416,"date":"2024-12-31T13:45:07","date_gmt":"2024-12-31T13:45:07","guid":{"rendered":"https:\/\/247stiri.ro\/index.php\/2024\/12\/31\/ministrul-educatiei-promite-noi-reforme-in-invatamant-si-cercetare-vom-asigura-buna-functionare-si-modernizarea-educatiei-si-cercetarii\/"},"modified":"2024-12-31T13:45:07","modified_gmt":"2024-12-31T13:45:07","slug":"ministrul-educatiei-promite-noi-reforme-in-invatamant-si-cercetare-vom-asigura-buna-functionare-si-modernizarea-educatiei-si-cercetarii","status":"publish","type":"post","link":"https:\/\/247stiri.ro\/index.php\/2024\/12\/31\/ministrul-educatiei-promite-noi-reforme-in-invatamant-si-cercetare-vom-asigura-buna-functionare-si-modernizarea-educatiei-si-cercetarii\/","title":{"rendered":"Ministrul Educa\u021biei promite noi reforme \u00een \u00eenv\u0103\u021b\u0103m\u00e2nt \u0219i cercetare: \u201eVom asigura buna func\u0163ionare \u015fi modernizarea educa\u0163iei \u015fi cercet\u0103rii\u201d"},"content":{"rendered":"<p>\u00cen mesajul transmis colegilor din sistemul educa\u0163ional, ministrul a recunoscut provoc\u0103rile economico-financiare ale \u0163\u0103rii, men\u0163ion\u00e2nd c\u0103 \u201epornim anul viitor cu un optimism rezervat\/re\u0163inut,\u201d dar a subliniat c\u0103 viziunea \u015fi cooperarea vor fi esen\u0163iale pentru a dep\u0103\u015fi aceste dificult\u0103\u0163i.<\/p>\n<p>\u201eMiz\u00e2nd pe angajamentul de prioritate strategic\u0103 a educa\u0163iei asumat de Coali\u0163ia aflat\u0103 acum la putere, din partea Guvernului va fi deschidere s\u0103 corect\u0103m din ceea ce ne \u00eencurc\u0103 func\u0163ionarea \u015fi dezvoltarea \u015fi s\u0103 adopt\u0103m noi m\u0103suri care s\u0103 ne ajute,\u201d a ad\u0103ugat Daniel David.<\/p>\n<p>\u00cen mesajul s\u0103u, ministrul a exprimat speran\u0163a c\u0103 restric\u0163iile impuse prin ordonan\u0163e de urgen\u0163\u0103 vor fi eliminate pe m\u0103sur\u0103 ce situa\u0163ia economic\u0103 se va stabiliza, iar promisiunile f\u0103cute domeniului educa\u0163iei \u015fi cercet\u0103rii vor fi onorate.<\/p>\n<p>\u201eC\u00e2nd situa\u0163ia economic\u0103-financiar\u0103 se va mai echilibra, vom elimina restric\u0163iile OUG \u015fi vom cere onorarea promisiunilor f\u0103cute domeniului nostru,\u201d a subliniat acesta.<\/p>","protected":false},"excerpt":{"rendered":"<p>\u00cen mesajul transmis colegilor din sistemul educa\u0163ional, ministrul a recunoscut provoc\u0103rile economico-financiare ale \u0163\u0103rii, men\u0163ion\u00e2nd&hellip;<\/p>\n","protected":false},"author":0,"featured_media":20410,"comment_status":"open","ping_status":"open","sticky":false,"template":"","format":"standard","meta":{"footnotes":""},"categories":[2],"tags":[],"class_list":["post-20416","post","type-post","status-publish","format-standard","has-post-thumbnail","hentry","category-actual"],"_links":{"self":[{"href":"https:\/\/247stiri.ro\/index.php\/wp-json\/wp\/v2\/posts\/20416","targetHints":{"allow":["GET"]}}],"collection":[{"href":"https:\/\/247stiri.ro\/index.php\/wp-json\/wp\/v2\/posts"}],"about":[{"href":"https:\/\/247stiri.ro\/index.php\/wp-json\/wp\/v2\/types\/post"}],"replies":[{"embeddable":true,"href":"https:\/\/247stiri.ro\/index.php\/wp-json\/wp\/v2\/comments?post=20416"}],"version-history":[{"count":0,"href":"https:\/\/247stiri.ro\/index.php\/wp-json\/wp\/v2\/posts\/20416\/revisions"}],"wp:featuredmedia":[{"embeddable":true,"href":"https:\/\/247stiri.ro\/index.php\/wp-json\/wp\/v2\/media\/20410"}],"wp:attachment":[{"href":"https:\/\/247stiri.ro\/index.php\/wp-json\/wp\/v2\/media?parent=20416"}],"wp:term":[{"taxonomy":"category","embeddable":true,"href":"https:\/\/247stiri.ro\/index.php\/wp-json\/wp\/v2\/categories?post=20416"},{"taxonomy":"post_tag","embeddable":true,"href":"https:\/\/247stiri.ro\/index.php\/wp-json\/wp\/v2\/tags?post=20416"}],"curies":[{"name":"wp","href":"https:\/\/api.w.org\/{rel}","templated":true}]}}