{"id":20424,"date":"2024-12-31T14:47:27","date_gmt":"2024-12-31T14:47:27","guid":{"rendered":"https:\/\/247stiri.ro\/index.php\/2024\/12\/31\/cum-arata-caracatita-lui-george-soros-din-romania-filmul-democratiei-calcate-in-picioare-cine-erau-creierele-operatiunilor\/"},"modified":"2024-12-31T14:47:27","modified_gmt":"2024-12-31T14:47:27","slug":"cum-arata-caracatita-lui-george-soros-din-romania-filmul-democratiei-calcate-in-picioare-cine-erau-creierele-operatiunilor","status":"publish","type":"post","link":"https:\/\/247stiri.ro\/index.php\/2024\/12\/31\/cum-arata-caracatita-lui-george-soros-din-romania-filmul-democratiei-calcate-in-picioare-cine-erau-creierele-operatiunilor\/","title":{"rendered":"Cum arat\u0103 CARACATI\u021aA lui George Soros din Rom\u00e2nia. Filmul democra\u021biei c\u0103lcate \u00een picioare: cine erau &#8222;creierele&#8221; opera\u021biunilor"},"content":{"rendered":"<p>Nicu\u0219or Dan a este cel care a fondat Asocia\u021bia Salva\u021bi Bucure\u0219tiul \u00een 2008, care s-a transformat \u00een platforma politic\u0103 Uniunea Salva\u021bi Bucure\u0219tiul, \u00een 2015, \u0219i dup\u0103 aceea \u00een Uniunea Salva\u021bi Rom\u00e2nia. Actualul Primar General al Capitalei, \u00een calitate de activist civic a primit numeroase sponsoriz\u0103ri din partea unor funda\u021bii \u0219i ONG-uri care ob\u021bineau indirect sau nu bani de la George Soros. Prima sponsorizare a venit \u00een nume personal, pentru o \u0219coal\u0103 de var\u0103.<\/p>\n<p><a href=\"https:\/\/www.realitatea.net\/stiri\/actual\/cum-au-fost-furate-alegerile-de-fapt-semnele-ca-soros-a-calcat-in-picioare-votul-romanilor_676d450b7789090a62182952\" target=\"_blank\">Cum au fost furate alegerile, de fapt. Semnele c\u0103 Soros a c\u0103lcat \u00een picioare votul rom\u00e2nilor<\/a><\/p>\n<p>&#8222;Eu \u00eensumi am luat, ca alti 10.000 mii de oameni, in anii 90, o finantare de 400 de dolari de la Funda\u021bia Soros. Am platit biletul de trern pentru o scoala de vara de matematica. Nu aveam banii \u0103ia \u00een anii 90&#8221;, spunea Nicusor Dan.Dup\u0103 ce a intrat \u00een lumea politic\u0103, Nicu\u0219or Dan a devenit mult mai acid \u00een r\u0103spunsurile la \u00eentreb\u0103rile despre miliardarul Soros. A sus\u021binut \u00een fa\u021ba jurnali\u0219tilor c\u0103 nu a luat bani de la Funda\u021bia Soros pentru a organiza protestele de la Ro\u0219ia Montant\u0103, cele \u00een urma c\u0103rora el a devenit foarte popular. Cu toate acestea, \u00een 2013, a organizat o conferin\u021b\u0103 de pres\u0103 chiar \u00eentr-o cl\u0103dire a Funda\u021biei Soros.Reporter: A\u021bi luat bani de la Funda\u021bia Soros pentru a organiza prostele pentru Ro\u0219ia Montan\u0103 \u00een Rom\u00e2nia?<\/p>\n<p>Nicusor Dan: Nu. Nu. Noi eram un ONG \u00eempreun\u0103 cu alte ONG-uri care nu aveam un sediu \u00een 2013 \u0219i mai ales un sediu. \u00cen care s\u0103 po\u021bi s\u0103 invi\u021bi 50 de jurnali\u0219ti sau 20 de jurnali\u0219ti \u0219i ace\u0219ti oameni care erau o funda\u021bie ca \u0219i noi aveau o sal\u0103 \u00een care am f\u0103cut aceast\u0103 conferin\u021b\u0103 de pres\u0103 la care \u0219i eu am participat. S-a dovedit c\u0103 acolo la funda\u021bia Soros e o sal\u0103&#8230;f\u0103r\u0103 discu\u021bie, da.De altfel, a\u0219a cum reiese din interviurile sale, Nicu\u0219or Dan \u00eencearc\u0103 s\u0103 explice c\u0103 cei care \u00eel acuz\u0103 de leg\u0103turi cu Soros nu \u00een\u021beleg cum func\u021bioneaz\u0103 mecanismele prin care miliardarul pompeaz\u0103 bani \u00een ONG-uri. Edilul Capitalei a \u00eencercat s\u0103 spun\u0103 c\u0103 funda\u021biile primesc bani de la George Soros \u00een mod indirect, prin intermediul altor funda\u021bii, \u0219i c\u0103 cei afla\u021bi la conducerea acestor organiza\u021bii nu ac\u021bioneaz\u0103 la comanda magnatului. Cu alte cuvinte, exist\u0103 o schem\u0103 prin care \u201ese pierde\u201d sursa banilor.Nicu\u0219or Dan nu este singurul politician al c\u0103rui nume a fost asociat cu George Soros. Elena Lasconi s-a luptat toat\u0103 campania electoral\u0103 pentru Ucraina \u0219i \u00eempotriva Rusiei, fir narativ compatibil cu viziunea miliardarului \u0219i a liderilor Uniunii Europene. Pe de alt\u0103 parte, gafele \u0219efei USR las\u0103 loc de interpret\u0103ri. A f\u0103cut gre\u0219eli grave atunci c\u00e2nd a vorbit despre politica extern\u0103 \u0219i i-a scris de una singur\u0103 lui Donald Trump, lider aflat \u00een r\u0103zboi cu George Soros. Demersul s\u0103u a st\u00e2rnit reac\u021bii furibunde \u00een interiorul USR.Cu toate acestea, \u00een pres\u0103 au ap\u0103rut informa\u021bii potrivit c\u0103rora peste o sut\u0103 de ONG-uri din sfera de influen\u021b\u0103 a lui George Soros \u0219i-ar fi anun\u021bat sus\u021binerea pentru Elena Lasconi \u00een timpul alegerilor.George Soros \u0219i-a m\u0103rit gradual influen\u021ba \u00een Europa de Est dup\u0103 c\u0103derea URSS. Miliardarul a venit \u00een Rom\u00e2nia imediat dup\u0103 c\u0103derea regimului comunist \u0219i a creat \u00een Rom\u00e2nia mai multe ONG-uri care s\u0103 militeze pentru conceptul s\u0103u intitulat \u201eO societate deschis\u0103\u201d.De-a lungul timpului, jurnali\u0219tii din str\u0103in\u0103tate au scris despre mai mul\u021bi politicieni \u0219i oameni influen\u021bi din Rom\u00e2nia c\u0103 ar ac\u021biona, de fapt, \u00een interesele lui George Soros. \u00centr-un interviu dat \u00een urm\u0103 cu aproape 20 de ani, miliardarul a p\u0103rut pl\u0103cut surprins s\u0103 aud\u0103 numele acestora \u0219i c\u0103 ei au ob\u021binut pozi\u021bii de putere.<\/p>\n<p><a href=\"https:\/\/www.realitatea.net\/stiri\/actual\/razboiul-trumpsoros-cum-sa-incercat-rasturnarea-puterii-in-sua-reteaua-de-onguri-care-a-vrut-sa-acapareze-guvernele-lumii_67634144de428f76ae53eda2\" target=\"_blank\">R\u0103zboiul Trump-Soro\u0219. Cum s-a \u00eencercat r\u0103sturnarea puterii \u00een SUA. Re\u021beaua de ONG-uri care a vrut s\u0103 acapareze guvernele lumii<\/a><\/p>\n<p>Dou\u0103 nume controversate r\u0103m\u00e2n cele ale lui Dan Tapalag\u0103, fost purt\u0103tor de cuv\u00e2nt al Ministerului Justi\u021biei \u0219i cel al \u0219efei sale de atunci, Monica Macovei. Cei doi, care au fost asocia\u021bi \u00een repetate r\u00e2nduri cu Soros, au intrat f\u0103r\u0103 drept \u00een arhiva SIPA, unde erau depozitate dosare \u0219i rapoarte secrete despre magistra\u021bii din Rom\u00e2nia. Nici ast\u0103zi nu se \u0219tie dac\u0103 Macovei \u0219i T\u0103p\u0103lag\u0103 au plecat cu informa\u021bii, noti\u021be, fotografii sau documente secrete din sediul Arhivei SIPA. \u00cen momentul \u00een care jurnali\u0219tii Realitatea PLUS l-au contactat pe T\u0103p\u0103lag\u0103, acesta a refuzat s\u0103 ofere un punct de vedere.Noul Ministru al Educa\u021biei, Daniel David ar fi doar un alt nume din lista agen\u021bilor lui George Soros. Pre\u0219edintele ales, C\u0103lin Georgescu, \u00eel acuz\u0103 pe Daniel David c\u0103 a colaborat cu Funda\u021bia pentru o societate deschis\u0103, patronat\u0103 de miliardar.&#8221;Dac\u0103 ne uit\u0103m \u00een CV-ul lui, vom afla c\u0103 a colaborat str\u00e2ns \u00eencep\u00e2nd cu anii 90 cu o funda\u021bie sau cu funda\u021bia Pentru o Societate Deschisa. \u0218tim a cui este funda\u021bia. Este funda\u021bia lui George Soros&#8221;, spunea <a href=\"https:\/\/www.realitatea.net\/stiri\/actual\/calin-georgescu-nou-mesaj-la-realitatea-plus-presedintele-ilegitim-a-instaurat-un-guvern-la-fel-de-ilegitim_6769b5ab3b1ba072e90c62c2\" target=\"_blank\">Calin Georgescu<\/a>.Fie c\u0103 este vorba despre Nicu\u0219or Dan, Elena Lasconi, politicieni mai vechi sau mai noi, influen\u021ba lui George Soros \u00een Rom\u00e2nia nu poate fi contestat\u0103. Cei care s-au dezvoltat sub umbrela organiza\u021biilor patronate de el critic\u0103 \u00een mod constant identitatea cre\u0219tin\u0103 a rom\u00e2nilor \u0219i \u00eembr\u0103\u021bi\u0219eaz\u0103 idei din sfera progresismului, care nu pun familia \u00een centrul dezvolt\u0103rii armonioase a societ\u0103\u021bii.\u00a0<\/p>","protected":false},"excerpt":{"rendered":"<p>Nicu\u0219or Dan a este cel care a fondat Asocia\u021bia Salva\u021bi Bucure\u0219tiul \u00een 2008, care s-a&hellip;<\/p>\n","protected":false},"author":0,"featured_media":20425,"comment_status":"open","ping_status":"open","sticky":false,"template":"","format":"standard","meta":{"footnotes":""},"categories":[3],"tags":[],"class_list":["post-20424","post","type-post","status-publish","format-standard","has-post-thumbnail","hentry","category-politica"],"_links":{"self":[{"href":"https:\/\/247stiri.ro\/index.php\/wp-json\/wp\/v2\/posts\/20424","targetHints":{"allow":["GET"]}}],"collection":[{"href":"https:\/\/247stiri.ro\/index.php\/wp-json\/wp\/v2\/posts"}],"about":[{"href":"https:\/\/247stiri.ro\/index.php\/wp-json\/wp\/v2\/types\/post"}],"replies":[{"embeddable":true,"href":"https:\/\/247stiri.ro\/index.php\/wp-json\/wp\/v2\/comments?post=20424"}],"version-history":[{"count":0,"href":"https:\/\/247stiri.ro\/index.php\/wp-json\/wp\/v2\/posts\/20424\/revisions"}],"wp:featuredmedia":[{"embeddable":true,"href":"https:\/\/247stiri.ro\/index.php\/wp-json\/wp\/v2\/media\/20425"}],"wp:attachment":[{"href":"https:\/\/247stiri.ro\/index.php\/wp-json\/wp\/v2\/media?parent=20424"}],"wp:term":[{"taxonomy":"category","embeddable":true,"href":"https:\/\/247stiri.ro\/index.php\/wp-json\/wp\/v2\/categories?post=20424"},{"taxonomy":"post_tag","embeddable":true,"href":"https:\/\/247stiri.ro\/index.php\/wp-json\/wp\/v2\/tags?post=20424"}],"curies":[{"name":"wp","href":"https:\/\/api.w.org\/{rel}","templated":true}]}}