{"id":20431,"date":"2024-12-31T14:47:34","date_gmt":"2024-12-31T14:47:34","guid":{"rendered":"https:\/\/247stiri.ro\/index.php\/2024\/12\/31\/urmarit-international-extradat-din-spnia-si-incarcerat-la-cluj-barbatul-de-32-de-ani-a-fost-condamnat-pentru-trafic-de-droguri\/"},"modified":"2024-12-31T14:47:34","modified_gmt":"2024-12-31T14:47:34","slug":"urmarit-international-extradat-din-spnia-si-incarcerat-la-cluj-barbatul-de-32-de-ani-a-fost-condamnat-pentru-trafic-de-droguri","status":"publish","type":"post","link":"https:\/\/247stiri.ro\/index.php\/2024\/12\/31\/urmarit-international-extradat-din-spnia-si-incarcerat-la-cluj-barbatul-de-32-de-ani-a-fost-condamnat-pentru-trafic-de-droguri\/","title":{"rendered":"Urm\u0103rit interna\u021bional, extr\u0103dat din Spnia \u0219i \u00eencarcerat la Cluj. B\u0103rbatul de 32 de ani a fost condamnat pentru trafic de DROGURI"},"content":{"rendered":"<p>\u201dAst\u0103zi, 31 decembrie a.c., poli\u0163i\u015ftii Serviciului de Investiga\u0163ii Criminale din cadrul Inspectoratului de Poli\u0163ie Jude\u0163ean Cluj au pus \u00een executare un mandat de executare a pedepsei cu \u00eenchisoarea emis pe numele unui b\u0103rbat de 32 de ani, din C\u00e2mpia Turzii, urm\u0103rit interna\u0163ional\u201d, a transmis, mar\u0163i, IPJ Cluj.<\/p>\n<p>Potrivit sursei citate, b\u0103rbatul fusese condamnat la 5 ani \u015fi 10 luni de \u00eenchisoare pentru comiterea infrac\u0163iunii de trafic de droguri de mare risc.<\/p>\n<p>\u201dB\u0103rbatul a fost localizat \u015fi re\u0163inut la data de 17 iulie 2024, \u00een localitatea Alicante, Spania, \u00een urma cooper\u0103rii dintre Direc\u0163ia de Combatere a Criminalit\u0103\u0163ii Organizate, Serviciul de Investiga\u0163ii Criminale Cluj, cu sprijinul Ata\u015fatului de Afaceri Interne al Poli\u0163iei Spaniole la Bucure\u015fti \u015fi Unitatea specializat\u0103 \u00een localizarea persoanelor urm\u0103rite din cadrul Poli\u0163iei Na\u0163ionale Spaniole. Schimbul de informa\u0163ii cu autorit\u0103\u0163ile spaniole a fost realizat prin intermediul Biroului Sirene din cadrul Centrului de Cooperare Poli\u0163ieneasc\u0103 Interna\u0163ional\u0103\u201d, mai arat\u0103 sursa citat\u0103.<\/p>\n<p>Activit\u0103\u0163ile operative au beneficiat de sprijinul Brig\u0103zii de Combatere a Criminalit\u0103\u0163ii Organizate Cluj-Napoca.<\/p>\n<p>Dup\u0103 extr\u0103darea sa din Spania, b\u0103rbatul a fost preluat de poli\u0163i\u015ftii Serviciului de Investiga\u0163ii Criminale si cei ai Serviciului pentru Ac\u0163iuni Speciale \u015fi \u00eencarcerat pentru executarea pedepsei.<\/p>","protected":false},"excerpt":{"rendered":"<p>\u201dAst\u0103zi, 31 decembrie a.c., poli\u0163i\u015ftii Serviciului de Investiga\u0163ii Criminale din cadrul Inspectoratului de Poli\u0163ie Jude\u0163ean&hellip;<\/p>\n","protected":false},"author":0,"featured_media":20432,"comment_status":"open","ping_status":"open","sticky":false,"template":"","format":"standard","meta":{"footnotes":""},"categories":[2],"tags":[],"class_list":["post-20431","post","type-post","status-publish","format-standard","has-post-thumbnail","hentry","category-actual"],"_links":{"self":[{"href":"https:\/\/247stiri.ro\/index.php\/wp-json\/wp\/v2\/posts\/20431","targetHints":{"allow":["GET"]}}],"collection":[{"href":"https:\/\/247stiri.ro\/index.php\/wp-json\/wp\/v2\/posts"}],"about":[{"href":"https:\/\/247stiri.ro\/index.php\/wp-json\/wp\/v2\/types\/post"}],"replies":[{"embeddable":true,"href":"https:\/\/247stiri.ro\/index.php\/wp-json\/wp\/v2\/comments?post=20431"}],"version-history":[{"count":0,"href":"https:\/\/247stiri.ro\/index.php\/wp-json\/wp\/v2\/posts\/20431\/revisions"}],"wp:featuredmedia":[{"embeddable":true,"href":"https:\/\/247stiri.ro\/index.php\/wp-json\/wp\/v2\/media\/20432"}],"wp:attachment":[{"href":"https:\/\/247stiri.ro\/index.php\/wp-json\/wp\/v2\/media?parent=20431"}],"wp:term":[{"taxonomy":"category","embeddable":true,"href":"https:\/\/247stiri.ro\/index.php\/wp-json\/wp\/v2\/categories?post=20431"},{"taxonomy":"post_tag","embeddable":true,"href":"https:\/\/247stiri.ro\/index.php\/wp-json\/wp\/v2\/tags?post=20431"}],"curies":[{"name":"wp","href":"https:\/\/api.w.org\/{rel}","templated":true}]}}