{"id":20458,"date":"2024-12-31T16:45:25","date_gmt":"2024-12-31T16:45:25","guid":{"rendered":"https:\/\/247stiri.ro\/index.php\/2024\/12\/31\/nicusor-dan-ar-fi-absurd-ca-alegerile-sa-fie-anulate-din-cauza-lui-calin-georgescu-si-sa-candideze-inca-o-data\/"},"modified":"2024-12-31T16:45:25","modified_gmt":"2024-12-31T16:45:25","slug":"nicusor-dan-ar-fi-absurd-ca-alegerile-sa-fie-anulate-din-cauza-lui-calin-georgescu-si-sa-candideze-inca-o-data","status":"publish","type":"post","link":"https:\/\/247stiri.ro\/index.php\/2024\/12\/31\/nicusor-dan-ar-fi-absurd-ca-alegerile-sa-fie-anulate-din-cauza-lui-calin-georgescu-si-sa-candideze-inca-o-data\/","title":{"rendered":"Nicu\u0219or Dan: \u201eAr fi absurd ca alegerile s\u0103 fie anulate din cauza lui C\u0103lin Georgescu \u0219i s\u0103 candideze \u00eenc\u0103 o dat\u0103\u201d"},"content":{"rendered":"<p>Actualul primar al Capitalei spune c\u0103 cele mai multe \u0219anse \u00een prezent le-ar avea tot C\u0103lin Georgescu, pentru c\u0103 este cel mai bine plasat \u00een sondaje. Chiar \u0219i a\u0219a, Nicu\u0219or Dan spune, \u00eens\u0103, c\u0103 nu crede c\u0103 o nou\u0103 candidatur\u0103 a lui Georgescu ar trece totu\u0219i de Curtea Constitu\u021bional\u0103.<\/p>\n<p>Nicu\u0219or Dan a mai declarat c\u0103 votul din 24 noiembrie a fost: \u201dexpresia unei mari nemul\u021bumiri a rom\u00e2nilor \u0219i a fost un mare vot \u00eempotriva a cum se \u00eent\u00e2mpl\u0103 lucrurile \u00een \u021bar\u0103\u201d, a declarat primarul Capitalei.<\/p>\n<p>\u201eAr fi absurd ca alegerile s\u0103 fie anulate din cauza lui C\u0103lin Georgescu \u0219i s\u0103 candideze \u00eenc\u0103 o dat\u0103. (&#8230;) S-a schimbat ceva radical \u00een Rom\u00e2nia\u201d. consider\u0103 candidatul independent.<\/p>\n<p>Nicu\u0219or Dan a mai sus\u021binut c\u0103 oamenii vor o schimbare radical\u0103 a modului \u00een care se face administra\u021bie.\u00a0<\/p>","protected":false},"excerpt":{"rendered":"<p>Actualul primar al Capitalei spune c\u0103 cele mai multe \u0219anse \u00een prezent le-ar avea tot&hellip;<\/p>\n","protected":false},"author":0,"featured_media":20459,"comment_status":"open","ping_status":"open","sticky":false,"template":"","format":"standard","meta":{"footnotes":""},"categories":[2],"tags":[],"class_list":["post-20458","post","type-post","status-publish","format-standard","has-post-thumbnail","hentry","category-actual"],"_links":{"self":[{"href":"https:\/\/247stiri.ro\/index.php\/wp-json\/wp\/v2\/posts\/20458","targetHints":{"allow":["GET"]}}],"collection":[{"href":"https:\/\/247stiri.ro\/index.php\/wp-json\/wp\/v2\/posts"}],"about":[{"href":"https:\/\/247stiri.ro\/index.php\/wp-json\/wp\/v2\/types\/post"}],"replies":[{"embeddable":true,"href":"https:\/\/247stiri.ro\/index.php\/wp-json\/wp\/v2\/comments?post=20458"}],"version-history":[{"count":0,"href":"https:\/\/247stiri.ro\/index.php\/wp-json\/wp\/v2\/posts\/20458\/revisions"}],"wp:featuredmedia":[{"embeddable":true,"href":"https:\/\/247stiri.ro\/index.php\/wp-json\/wp\/v2\/media\/20459"}],"wp:attachment":[{"href":"https:\/\/247stiri.ro\/index.php\/wp-json\/wp\/v2\/media?parent=20458"}],"wp:term":[{"taxonomy":"category","embeddable":true,"href":"https:\/\/247stiri.ro\/index.php\/wp-json\/wp\/v2\/categories?post=20458"},{"taxonomy":"post_tag","embeddable":true,"href":"https:\/\/247stiri.ro\/index.php\/wp-json\/wp\/v2\/tags?post=20458"}],"curies":[{"name":"wp","href":"https:\/\/api.w.org\/{rel}","templated":true}]}}