{"id":20473,"date":"2024-12-31T18:45:06","date_gmt":"2024-12-31T18:45:06","guid":{"rendered":"https:\/\/247stiri.ro\/index.php\/2024\/12\/31\/presedintele-ales-calin-georgescu-mesaj-de-suflet-pentru-romani-in-ajun-de-an-nou-adevarata-forta-suntem-noi-poporul-peste-demnitatea-nostra-nu-va-trece-nimeni\/"},"modified":"2024-12-31T18:45:06","modified_gmt":"2024-12-31T18:45:06","slug":"presedintele-ales-calin-georgescu-mesaj-de-suflet-pentru-romani-in-ajun-de-an-nou-adevarata-forta-suntem-noi-poporul-peste-demnitatea-nostra-nu-va-trece-nimeni","status":"publish","type":"post","link":"https:\/\/247stiri.ro\/index.php\/2024\/12\/31\/presedintele-ales-calin-georgescu-mesaj-de-suflet-pentru-romani-in-ajun-de-an-nou-adevarata-forta-suntem-noi-poporul-peste-demnitatea-nostra-nu-va-trece-nimeni\/","title":{"rendered":"Pre\u0219edintele ales, C\u0103lin Georgescu, mesaj de suflet pentru rom\u00e2ni \u00een ajun de An Nou: Adev\u0103rata for\u021b\u0103 suntem NOI, poporul. Peste demnitatea nostr\u0103 nu va trece nimeni"},"content":{"rendered":"<p>&#8222;Dragii mei, bun\u0103 seara! Poporul este singurul conduc\u0103tor de drept al \u021b\u0103rii \u0219i acum poporul s-a unit \u00een jurul unui ideal m\u0103re\u021b, care merit\u0103 protejat din plin, democra\u021bia.\u00a0Cea pentru care am pl\u0103tit tribut \u00een s\u00e2ngele tinerilor no\u0219tri acum 35 de ani.\u00a0Suntem din nou uni\u021bi \u00eentr-o lun\u0103 de decembrie, la fel cum s-a \u00eent\u00e2mplat \u00een decembrie 1918, cum s-a \u00eent\u00e2mplat \u00een decembrie 1989, \u0219i acum, \u00een decembrie 2024.<\/p>\n<p>Milioane de inimi \u0219i un singur ideal comun, libertate.\u00a0Pare c\u0103 frigul lui decembrie este plin de harul care aprinde sufletul nostru, al tuturor, al neamului rom\u00e2nesc unit. Cu c\u00e2t am fost mai \u00eencerca\u021bi, cu at\u00e2t am devenit mai uni\u021bi \u0219i mai \u00een\u021belep\u021bi.<\/p>\n<p>\u0218i, astfel, trezirea \u00een con\u0219tiin\u021b\u0103 a poporului nostru s-a materializat \u00een fiecare clip\u0103, or\u0103 de or\u0103, zi de zi. \u0218i practic, treptat, nevoia de schimbare care ne-a animat pe to\u021bi s-a contopit cu cele mai \u00een\u0103l\u021b\u0103toare sentimente.\u00a0\u0218i \u00een mod special ieri. Ieri, mii de oameni s-au ad\u0103postit sub drapelul na\u021bional pentru c\u0103 rom\u00e2nii merit\u0103 dreptate \u0219i, cel mai important, libertate.<\/p>\n<p>Ne-am ad\u0103postit sub drapelul \u021b\u0103rii pentru c\u0103 el este simbolul str\u0103mo\u0219ilor care ne-au l\u0103sat cea mai de pre\u021b mo\u0219tenire, acest p\u0103m\u00e2nt sacru, Rom\u00e2nia.\u00a0Ieri a fost ieri. Ast\u0103zi, <a href=\"https:\/\/www.realitatea.net\/stiri\/actual\/aflam-sentinta-in-procesul-anului-ce-se-intampla-cu-presedintele-ales-calin-georgescu-de-ce-intarzie-magistratii_6773e5b5cf25a154b33ad742\" target=\"_blank\">Curtea de Apel Bucure\u0219ti<\/a> a dovedit c\u0103 nu are acela\u0219i curaj pe care \u00eel are poporul rom\u00e2n.<\/p>\n<p>Au ales frica \u00een detrimentul curajului. Au ales s\u0103 serveasc\u0103 sistemul \u0219i nu poporul.\u00a0\u0218i \u00een lipsa dovezilor, \u00een lipsa oric\u0103rei probe care ar fi justificat anularea turului 2 al alegerilor preziden\u021biale, Curtea avea de f\u0103cut un singur lucru: doar s\u0103 recunoasc\u0103 c\u0103 nu a existat un motiv pentru anularea alegerilor \u0219i s\u0103 dispun\u0103 reluarea acestora de unde au fost oprite abuziv. Prin ceea ce s-a \u00eent\u00e2mplat ast\u0103zi, poporul a fost condamnat s\u0103 accepte corup\u021bia \u0219i nedreptatea ca o stare de fapt. Practic, poporul a fost condamnat pentru propriile alegeri \u0219i a fost abandonat de cei care trebuiau s\u0103-l protejeze de cea mai grav\u0103 ingerin\u021b\u0103, \u0219i anume cea politic\u0103.<\/p>\n<p>Justi\u021bia a ales ast\u0103zi s\u0103 fie supus\u0103, nu liber\u0103. Iar din palatele lor, Cotroceni \u0219i Victoria, politicul crede c\u0103 a c\u00e2\u0219tigat din nou azi. Probabil deja s\u0103rb\u0103toresc, evident pe banii no\u0219tri \u0219i cu o \u0219ampanie scump\u0103, o nou\u0103 umilin\u021b\u0103 adus\u0103 la adresa poporului rom\u00e2n. Justi\u021bia a fost din nou \u00eengenunchiat\u0103 de Klaus Iohannis, de cei nou\u0103 judec\u0103tori ai Cur\u021bii Constitu\u021bionale, de Marcel Ciolacu \u0219i de interesele externe asupra resurselor naturale \u0219i a bog\u0103\u021biei \u021b\u0103rii noastre.<\/p>\n<p>Magistra\u021bii au cedat \u00een fa\u021ba falsei puteri politice care le-a corupt judecata. Dar v\u0103 spun, adev\u0103rata for\u021b\u0103 suntem noi, poporul rom\u00e2n. S\u0103 nu uita\u021bi asta niciodat\u0103, dragii mei, pentru c\u0103 din acest moment suntem doar noi, prin noi.<\/p>\n<p>Con\u0219tiin\u021ba noastr\u0103 este cea care ne va ghida.\u00a0Lini\u0219tea social\u0103 v\u0103 rog s\u0103 primeze.\u00a0\u00cens\u0103 peste toate, demnitatea noastr\u0103 este de cel mai \u00eenalt pre\u021b. Peste ea nu va trece nimeni. A venit vremea. Poporul este preg\u0103tit. Democra\u021bia este preg\u0103tit\u0103.\u00a0Lupt\u0103m \u0219i sim\u021bim rom\u00e2ne\u0219te. R\u0103m\u00e2nem neclinti\u021bi unii cu al\u021bii \u0219i noi to\u021bi cu Dumnezeu. Pentru c\u0103 vremurile vechii lumi au apus. Iar odat\u0103 cu ele a apus \u0219i timpul vechilor oameni politici.\u00a0Se na\u0219te ast\u0103zi, sub ochii no\u0219tri, o nou\u0103 lume. O lume plin\u0103 de lumin\u0103 \u0219i de adev\u0103r. \u00a0Este vremea pentru trezitul poporul rom\u00e2n\u00a0\u0219i pentru noii politicieni care s\u0103 ne redea demnitatea\u00a0\u0219i s\u0103 creeze viitorul liber \u0219i prosper pe care-l merit\u0103m cu adev\u0103rat.\u00a0<\/p>\n<p>V\u0103 doresc mai mult dec\u00e2t un an nou mai bun. V\u0103 doresc mul\u021bi ani buni, dragii mei. Mul\u021bi ani buni de pace, de armonie, de bun\u0103stare.\u00a0Lucrul care desigur se va \u00eent\u00e2mpla cu siguran\u021b\u0103, doar prin voia voastr\u0103 \u0219i a bunului Dumnezeu.\u00a0V\u0103 doresc mai mult dec\u00e2t un an nou fericit,\u00a0pentru c\u0103 \u00een ciuda vremurilor grele \u0219i ap\u0103s\u0103toare, v\u0103 doresc ca \u00eengerii s\u0103 v\u0103 c\u00e2nte \u00een inim\u0103\u00a0\u0219i s\u0103 putem rosti cu n\u0103dejde &lt;&lt;rom\u00e2n nou fericit&gt;&gt;. La mul\u021bi ani!&#8221;, a transmis C\u0103lin Georgescu \u00een ultimul s\u0103u mesaj din acest an c\u0103tre poporul rom\u00e2n.<\/p>","protected":false},"excerpt":{"rendered":"<p>&#8222;Dragii mei, bun\u0103 seara! Poporul este singurul conduc\u0103tor de drept al \u021b\u0103rii \u0219i acum poporul&hellip;<\/p>\n","protected":false},"author":0,"featured_media":20474,"comment_status":"open","ping_status":"open","sticky":false,"template":"","format":"standard","meta":{"footnotes":""},"categories":[3],"tags":[],"class_list":["post-20473","post","type-post","status-publish","format-standard","has-post-thumbnail","hentry","category-politica"],"_links":{"self":[{"href":"https:\/\/247stiri.ro\/index.php\/wp-json\/wp\/v2\/posts\/20473","targetHints":{"allow":["GET"]}}],"collection":[{"href":"https:\/\/247stiri.ro\/index.php\/wp-json\/wp\/v2\/posts"}],"about":[{"href":"https:\/\/247stiri.ro\/index.php\/wp-json\/wp\/v2\/types\/post"}],"replies":[{"embeddable":true,"href":"https:\/\/247stiri.ro\/index.php\/wp-json\/wp\/v2\/comments?post=20473"}],"version-history":[{"count":0,"href":"https:\/\/247stiri.ro\/index.php\/wp-json\/wp\/v2\/posts\/20473\/revisions"}],"wp:featuredmedia":[{"embeddable":true,"href":"https:\/\/247stiri.ro\/index.php\/wp-json\/wp\/v2\/media\/20474"}],"wp:attachment":[{"href":"https:\/\/247stiri.ro\/index.php\/wp-json\/wp\/v2\/media?parent=20473"}],"wp:term":[{"taxonomy":"category","embeddable":true,"href":"https:\/\/247stiri.ro\/index.php\/wp-json\/wp\/v2\/categories?post=20473"},{"taxonomy":"post_tag","embeddable":true,"href":"https:\/\/247stiri.ro\/index.php\/wp-json\/wp\/v2\/tags?post=20473"}],"curies":[{"name":"wp","href":"https:\/\/api.w.org\/{rel}","templated":true}]}}