{"id":20493,"date":"2024-12-31T20:45:06","date_gmt":"2024-12-31T20:45:06","guid":{"rendered":"https:\/\/247stiri.ro\/index.php\/2024\/12\/31\/vesti-proaste-pentru-romani-facturile-la-curent-si-gaze-s-ar-putea-dubla-dispare-plafonarea-si-apare-o-noua-taxa\/"},"modified":"2024-12-31T20:45:06","modified_gmt":"2024-12-31T20:45:06","slug":"vesti-proaste-pentru-romani-facturile-la-curent-si-gaze-s-ar-putea-dubla-dispare-plafonarea-si-apare-o-noua-taxa","status":"publish","type":"post","link":"https:\/\/247stiri.ro\/index.php\/2024\/12\/31\/vesti-proaste-pentru-romani-facturile-la-curent-si-gaze-s-ar-putea-dubla-dispare-plafonarea-si-apare-o-noua-taxa\/","title":{"rendered":"Ve\u0219ti proaste pentru rom\u00e2ni! Facturile la curent \u0219i gaze s-ar putea dubla. Dispare plafonarea \u0219i apare o nou\u0103 tax\u0103"},"content":{"rendered":"<p>Rom\u00e2nii ar putea fi nevoi\u021bi s\u0103 suporte un nou val de scumpiri \u00een ceea ce prive\u0219te facturile la energie electric\u0103 \u0219i gaze naturale. Plafonarea pre\u021burilor, m\u0103sura care a oferit un respiro consumatorilor \u00een ultimele luni, este pe cale s\u0103 fie eliminat\u0103. \u00cen plus, o nou\u0103 tax\u0103, denumit\u0103 popular \u201etaxa pe st\u00e2lp\u201d, urmeaz\u0103 s\u0103 fie aplicat\u0103 companiilor din domeniul energiei.<\/p>\n<p>Speciali\u0219tii avertizeaz\u0103 c\u0103 eliminarea plafon\u0103rii pre\u021burilor va avea un efect direct asupra facturilor pl\u0103tite de consumatori, care ar putea s\u0103 se dubleze. Aceasta vine \u00eentr-un context deja dificil, \u00een care mul\u021bi rom\u00e2ni se confrunt\u0103 cu dificult\u0103\u021bi financiare.<\/p>\n<p>\u00cen acest context, ministrul Energiei a anun\u021bat o prelungire a termenului pentru montarea repartitoarelor de c\u0103ldur\u0103, oferind un r\u0103gaz de un an. De asemenea, familiile cu venituri mici vor beneficia de un ajutor financiar. Suma alocat\u0103 va fi de c\u00e2teva sute de lei, \u00eens\u0103 exper\u021bii consider\u0103 c\u0103 aceasta este insuficient\u0103 pentru a compensa cre\u0219terea masiv\u0103 a facturilor.<\/p>","protected":false},"excerpt":{"rendered":"<p>Rom\u00e2nii ar putea fi nevoi\u021bi s\u0103 suporte un nou val de scumpiri \u00een ceea ce&hellip;<\/p>\n","protected":false},"author":0,"featured_media":20494,"comment_status":"open","ping_status":"open","sticky":false,"template":"","format":"standard","meta":{"footnotes":""},"categories":[2],"tags":[],"class_list":["post-20493","post","type-post","status-publish","format-standard","has-post-thumbnail","hentry","category-actual"],"_links":{"self":[{"href":"https:\/\/247stiri.ro\/index.php\/wp-json\/wp\/v2\/posts\/20493","targetHints":{"allow":["GET"]}}],"collection":[{"href":"https:\/\/247stiri.ro\/index.php\/wp-json\/wp\/v2\/posts"}],"about":[{"href":"https:\/\/247stiri.ro\/index.php\/wp-json\/wp\/v2\/types\/post"}],"replies":[{"embeddable":true,"href":"https:\/\/247stiri.ro\/index.php\/wp-json\/wp\/v2\/comments?post=20493"}],"version-history":[{"count":0,"href":"https:\/\/247stiri.ro\/index.php\/wp-json\/wp\/v2\/posts\/20493\/revisions"}],"wp:featuredmedia":[{"embeddable":true,"href":"https:\/\/247stiri.ro\/index.php\/wp-json\/wp\/v2\/media\/20494"}],"wp:attachment":[{"href":"https:\/\/247stiri.ro\/index.php\/wp-json\/wp\/v2\/media?parent=20493"}],"wp:term":[{"taxonomy":"category","embeddable":true,"href":"https:\/\/247stiri.ro\/index.php\/wp-json\/wp\/v2\/categories?post=20493"},{"taxonomy":"post_tag","embeddable":true,"href":"https:\/\/247stiri.ro\/index.php\/wp-json\/wp\/v2\/tags?post=20493"}],"curies":[{"name":"wp","href":"https:\/\/api.w.org\/{rel}","templated":true}]}}