{"id":20498,"date":"2024-12-31T22:45:02","date_gmt":"2024-12-31T22:45:02","guid":{"rendered":"https:\/\/247stiri.ro\/index.php\/2024\/12\/31\/ordonanta-trenulet-a-fost-publicata-in-monitorul-oficial-proiecul-saraciei-intra-in-vigoare-de-la-1-ianuarie-2025\/"},"modified":"2024-12-31T22:45:02","modified_gmt":"2024-12-31T22:45:02","slug":"ordonanta-trenulet-a-fost-publicata-in-monitorul-oficial-proiecul-saraciei-intra-in-vigoare-de-la-1-ianuarie-2025","status":"publish","type":"post","link":"https:\/\/247stiri.ro\/index.php\/2024\/12\/31\/ordonanta-trenulet-a-fost-publicata-in-monitorul-oficial-proiecul-saraciei-intra-in-vigoare-de-la-1-ianuarie-2025\/","title":{"rendered":"Ordonan\u021ba-trenule\u021b a fost publicat\u0103 \u00een Monitorul Oficial. Proiecul s\u0103r\u0103ciei intr\u0103 \u00een vigoare de la 1 ianuarie 2025"},"content":{"rendered":"<p>Schimb\u0103rile pe care aceasta le aduce variaz\u0103 de la cre\u0219teri de taxe la taxe noi, elimin\u0103ri de facilit\u0103\u021bi fiscale \u0219i \u00eenghe\u021barea salariilor bugetarilor, inclusiv a pensiilor. O schimbare important\u0103 este \u0219i ajustarea salariului minim \u00een domeniul agricol \u0219i \u00een industria alimentar\u0103.<\/p>\n<p>Printre principalele modific\u0103ri ale ordonan\u021bei &#8222;trenule\u021b&#8221; se num\u0103r\u0103 cre\u0219terea impozitului pe dividende de la 8% la 10% \u0219i reducerea pragului de venit pentru micro\u00eentreprinderi de la 500.000 de euro la 100.000 de euro.<\/p>\n<p>De asemenea, Ordonan\u021ba prevede eliminarea tuturor facilit\u0103\u021bilor fiscale pentru angaja\u021bii \u0219i companiile din domeniile IT, construc\u021bii \u0219i agricultur\u0103, conform angajamentelor asumate de Rom\u00e2nia prin Planul Na\u021bional de Redresare \u0219i Rezilien\u021b\u0103.<\/p>\n<p>Documentul include o serie de m\u0103suri care vizeaz\u0103 \u00eenghe\u021barea pensiilor \u0219i salariilor bugetarilor la nivelul lunii noiembrie 2024. Acelea\u0219i restric\u021bii se aplic\u0103 \u0219i ajutoarelor sociale, indemniza\u021biilor de hran\u0103 \u0219i aloca\u021biilor pentru copii. \u00cen plus, orele suplimentare de lucru ale bugetarilor vor fi compensate doar prin zile libere, iar concediile neefectuate nu vor mai fi pl\u0103tite.<\/p>\n<p>Printre m\u0103surile anun\u021bate se num\u0103r\u0103 \u0219i eliminarea tuturor voucherelor pentru bugetari, cu excep\u021bia celor pentru cre\u0219e, iar voucherele de vacan\u021b\u0103 vor avea o valoare redus\u0103 la 800 de lei. Cheltuielile de transport \u00een concedii pentru bugetari nu vor mai fi decontate.<\/p>\n<p>\u00a0<\/p>\n<p>\u00a0<\/p>","protected":false},"excerpt":{"rendered":"<p>Schimb\u0103rile pe care aceasta le aduce variaz\u0103 de la cre\u0219teri de taxe la taxe noi,&hellip;<\/p>\n","protected":false},"author":0,"featured_media":20499,"comment_status":"open","ping_status":"open","sticky":false,"template":"","format":"standard","meta":{"footnotes":""},"categories":[2],"tags":[],"class_list":["post-20498","post","type-post","status-publish","format-standard","has-post-thumbnail","hentry","category-actual"],"_links":{"self":[{"href":"https:\/\/247stiri.ro\/index.php\/wp-json\/wp\/v2\/posts\/20498","targetHints":{"allow":["GET"]}}],"collection":[{"href":"https:\/\/247stiri.ro\/index.php\/wp-json\/wp\/v2\/posts"}],"about":[{"href":"https:\/\/247stiri.ro\/index.php\/wp-json\/wp\/v2\/types\/post"}],"replies":[{"embeddable":true,"href":"https:\/\/247stiri.ro\/index.php\/wp-json\/wp\/v2\/comments?post=20498"}],"version-history":[{"count":0,"href":"https:\/\/247stiri.ro\/index.php\/wp-json\/wp\/v2\/posts\/20498\/revisions"}],"wp:featuredmedia":[{"embeddable":true,"href":"https:\/\/247stiri.ro\/index.php\/wp-json\/wp\/v2\/media\/20499"}],"wp:attachment":[{"href":"https:\/\/247stiri.ro\/index.php\/wp-json\/wp\/v2\/media?parent=20498"}],"wp:term":[{"taxonomy":"category","embeddable":true,"href":"https:\/\/247stiri.ro\/index.php\/wp-json\/wp\/v2\/categories?post=20498"},{"taxonomy":"post_tag","embeddable":true,"href":"https:\/\/247stiri.ro\/index.php\/wp-json\/wp\/v2\/tags?post=20498"}],"curies":[{"name":"wp","href":"https:\/\/api.w.org\/{rel}","templated":true}]}}