{"id":2062,"date":"2024-10-26T09:53:08","date_gmt":"2024-10-26T09:53:08","guid":{"rendered":"https:\/\/247stiri.ro\/index.php\/2024\/10\/26\/traficul-rutier-restrictionat-sambata-pe-o-portiune-din-calea-victoriei-ce-trasee-ocolitoare-recomanda-politia\/"},"modified":"2024-10-26T09:53:08","modified_gmt":"2024-10-26T09:53:08","slug":"traficul-rutier-restrictionat-sambata-pe-o-portiune-din-calea-victoriei-ce-trasee-ocolitoare-recomanda-politia","status":"publish","type":"post","link":"https:\/\/247stiri.ro\/index.php\/2024\/10\/26\/traficul-rutier-restrictionat-sambata-pe-o-portiune-din-calea-victoriei-ce-trasee-ocolitoare-recomanda-politia\/","title":{"rendered":"Traficul rutier restric\u0163ionat, s\u00e2mb\u0103t\u0103, pe o por\u0163iune din Calea Victoriei. Ce trasee ocolitoare recomand\u0103 Poli\u021bia?"},"content":{"rendered":"<p>Potrivit Brig\u0103zii Rutiere, restric\u0163ia se va aplica, \u00eentre orele 9:00 \u015fi 21:00, pe segmentul de drum cuprins \u00eentre bulevardele Dacia \u015fi Regina Elisabeta, precum \u015fi pe sensul de mers dinspre Strada Luteran\u0103 c\u0103tre Calea Victoriei. Traversarea cu autovehiculele va fi permis\u0103 doar la intersec\u021bia cu Strada Ion C\u00e2mpineanu, iar circula\u021bia dinspre Strada Episcopiei c\u0103tre Strada \u015etirbei Vod\u0103 va fi asigurat\u0103. De asemenea, traficul rutier va fi restric\u021bionat pe sensul de mers dinspre Strada Luteran\u0103 c\u0103tre Calea Victoriei.<\/p>\n<p>Poli\u0163ia le solicit\u0103 conduc\u0103torilor de autovehicule s\u0103 evite deplasarea \u00een zon\u0103 \u00een aceast\u0103 perioad\u0103, s\u0103 circule cu pruden\u0163\u0103 \u015fi s\u0103 nu opreasc\u0103 ori s\u0103 sta\u0163ioneze dec\u00e2t \u00een locurile special amenajate.<\/p>\n<p>Pietonilor li se recomand\u0103 s\u0103 circule doar pe trotuare \u0219i s\u0103 traverseze strada doar prin locurile special amenajate, asigur\u00e2ndu-se c\u0103 semaforul este verde. Poli\u021bia Capitalei recomand\u0103 folosirea mijloacelor de transport \u00een comun, pentru a evita aglomera\u021bia \u0219i blocajele din trafic.<\/p>","protected":false},"excerpt":{"rendered":"<p>Potrivit Brig\u0103zii Rutiere, restric\u0163ia se va aplica, \u00eentre orele 9:00 \u015fi 21:00, pe segmentul de&hellip;<\/p>\n","protected":false},"author":0,"featured_media":2063,"comment_status":"open","ping_status":"open","sticky":false,"template":"","format":"standard","meta":{"footnotes":""},"categories":[2],"tags":[],"class_list":["post-2062","post","type-post","status-publish","format-standard","has-post-thumbnail","hentry","category-actual"],"_links":{"self":[{"href":"https:\/\/247stiri.ro\/index.php\/wp-json\/wp\/v2\/posts\/2062","targetHints":{"allow":["GET"]}}],"collection":[{"href":"https:\/\/247stiri.ro\/index.php\/wp-json\/wp\/v2\/posts"}],"about":[{"href":"https:\/\/247stiri.ro\/index.php\/wp-json\/wp\/v2\/types\/post"}],"replies":[{"embeddable":true,"href":"https:\/\/247stiri.ro\/index.php\/wp-json\/wp\/v2\/comments?post=2062"}],"version-history":[{"count":0,"href":"https:\/\/247stiri.ro\/index.php\/wp-json\/wp\/v2\/posts\/2062\/revisions"}],"wp:featuredmedia":[{"embeddable":true,"href":"https:\/\/247stiri.ro\/index.php\/wp-json\/wp\/v2\/media\/2063"}],"wp:attachment":[{"href":"https:\/\/247stiri.ro\/index.php\/wp-json\/wp\/v2\/media?parent=2062"}],"wp:term":[{"taxonomy":"category","embeddable":true,"href":"https:\/\/247stiri.ro\/index.php\/wp-json\/wp\/v2\/categories?post=2062"},{"taxonomy":"post_tag","embeddable":true,"href":"https:\/\/247stiri.ro\/index.php\/wp-json\/wp\/v2\/tags?post=2062"}],"curies":[{"name":"wp","href":"https:\/\/api.w.org\/{rel}","templated":true}]}}