{"id":2070,"date":"2024-10-26T10:52:59","date_gmt":"2024-10-26T10:52:59","guid":{"rendered":"https:\/\/247stiri.ro\/index.php\/2024\/10\/26\/mutarea-guvernului-de-la-palatul-victoria-in-apropierea-palatului-parlamentului-parte-din-planul-lui-ciuca-pentru-bucuresti-reactia-lui-nicusor-dan-video\/"},"modified":"2024-10-26T10:52:59","modified_gmt":"2024-10-26T10:52:59","slug":"mutarea-guvernului-de-la-palatul-victoria-in-apropierea-palatului-parlamentului-parte-din-planul-lui-ciuca-pentru-bucuresti-reactia-lui-nicusor-dan-video","status":"publish","type":"post","link":"https:\/\/247stiri.ro\/index.php\/2024\/10\/26\/mutarea-guvernului-de-la-palatul-victoria-in-apropierea-palatului-parlamentului-parte-din-planul-lui-ciuca-pentru-bucuresti-reactia-lui-nicusor-dan-video\/","title":{"rendered":"Mutarea Guvernului de la Palatul Victoria \u00een apropierea Palatului Parlamentului, parte din planul lui Ciuc\u0103 pentru Bucure\u015fti. Reac\u0163ia lui Nicu\u015for Dan &#8211; VIDEO"},"content":{"rendered":"<p>Nicolae Ciuc\u0103 a prezentat, s\u00e2mb\u0103t\u0103, viziunea sa ca posibil pre\u015fedinte al \u0163\u0103rii pentru Capital\u0103, spun\u00e2nd c\u0103 este \u201eun proiect pentru ca Bucure\u015ftiul s\u0103-\u015fi recapete identitatea istoric\u0103 \u015fi s\u0103 devin\u0103 una dintre cele mai frumoase capitale ale Europei\u201d.\u00a0Ciuc\u0103 spune c\u0103 proiectul ar trebui derulat sub patronajul pre\u015fedintelui \u0163\u0103rii \u015fi s\u0103 se deruleze pe o perioad\u0103 de zece ani.\u00a0\u201eAvem nevoie de acest angajament care s\u0103 fie asumat de c\u0103tre cel mai \u00eenalt for politic al \u0163\u0103rii, de c\u0103tre institu\u0163ia preziden\u0163ial\u0103, de Guvern \u015fi de Prim\u0103ria Capitalei, Bucure\u015ftiul este, practic, inima economiei rom\u00e2ne\u015fti. Este o viziune care schimb\u0103 cu adev\u0103rat fa\u0163a Bucure\u015ftiului \u015fi \u00eei red\u0103 \u015fi identitatea istoric\u0103, dar \u015fi statutul de capital\u0103 european\u0103\u201d, a afirmat Nicolae Ciuc\u0103 \u00een cadrul evenimentului de prezentare a viziunii.\u00a0<\/p>\n<p>\u00a0<\/p>\n\n<p>\u00a0<\/p>\n<p>\u00a0<\/p>","protected":false},"excerpt":{"rendered":"<p>Nicolae Ciuc\u0103 a prezentat, s\u00e2mb\u0103t\u0103, viziunea sa ca posibil pre\u015fedinte al \u0163\u0103rii pentru Capital\u0103, spun\u00e2nd&hellip;<\/p>\n","protected":false},"author":0,"featured_media":2065,"comment_status":"open","ping_status":"open","sticky":false,"template":"","format":"standard","meta":{"footnotes":""},"categories":[2],"tags":[],"class_list":["post-2070","post","type-post","status-publish","format-standard","has-post-thumbnail","hentry","category-actual"],"_links":{"self":[{"href":"https:\/\/247stiri.ro\/index.php\/wp-json\/wp\/v2\/posts\/2070","targetHints":{"allow":["GET"]}}],"collection":[{"href":"https:\/\/247stiri.ro\/index.php\/wp-json\/wp\/v2\/posts"}],"about":[{"href":"https:\/\/247stiri.ro\/index.php\/wp-json\/wp\/v2\/types\/post"}],"replies":[{"embeddable":true,"href":"https:\/\/247stiri.ro\/index.php\/wp-json\/wp\/v2\/comments?post=2070"}],"version-history":[{"count":0,"href":"https:\/\/247stiri.ro\/index.php\/wp-json\/wp\/v2\/posts\/2070\/revisions"}],"wp:featuredmedia":[{"embeddable":true,"href":"https:\/\/247stiri.ro\/index.php\/wp-json\/wp\/v2\/media\/2065"}],"wp:attachment":[{"href":"https:\/\/247stiri.ro\/index.php\/wp-json\/wp\/v2\/media?parent=2070"}],"wp:term":[{"taxonomy":"category","embeddable":true,"href":"https:\/\/247stiri.ro\/index.php\/wp-json\/wp\/v2\/categories?post=2070"},{"taxonomy":"post_tag","embeddable":true,"href":"https:\/\/247stiri.ro\/index.php\/wp-json\/wp\/v2\/tags?post=2070"}],"curies":[{"name":"wp","href":"https:\/\/api.w.org\/{rel}","templated":true}]}}