{"id":2072,"date":"2024-10-26T10:52:59","date_gmt":"2024-10-26T10:52:59","guid":{"rendered":"https:\/\/247stiri.ro\/index.php\/2024\/10\/26\/momentul-in-care-un-adolescent-din-iasi-este-electrocutat-dupa-ce-s-a-urcat-pe-un-vagon-de-tren-imagini-socante-de-pe-camerele-de-supraveghere-video\/"},"modified":"2024-10-26T10:52:59","modified_gmt":"2024-10-26T10:52:59","slug":"momentul-in-care-un-adolescent-din-iasi-este-electrocutat-dupa-ce-s-a-urcat-pe-un-vagon-de-tren-imagini-socante-de-pe-camerele-de-supraveghere-video","status":"publish","type":"post","link":"https:\/\/247stiri.ro\/index.php\/2024\/10\/26\/momentul-in-care-un-adolescent-din-iasi-este-electrocutat-dupa-ce-s-a-urcat-pe-un-vagon-de-tren-imagini-socante-de-pe-camerele-de-supraveghere-video\/","title":{"rendered":"Momentul \u00een care un adolescent din Ia\u0219i este electrocutat, dup\u0103 ce s-a urcat pe un vagon de tren. Imagini \u0219ocante de pe camerele de supraveghere &#8211; VIDEO"},"content":{"rendered":"<p>Managerul Spitalului de Copii \u201eSf. Maria\u201d din Ia\u015fi, Alina Belu, a transmis c\u0103 \u201epacientul este \u00een stare critic\u0103, iar prognosticul este rezervat\u201d, potrivit <a href=\"https:\/\/www.bzi.ro\/imagini-socante-de-pe-camerele-de-supraveghere-cu-momentul-in-care-adolescentul-de-17-ani-din-iasi-este-electrocutat-exclusiv-5099691\" target=\"_blank\" rel=\"noopener\">BZI.<\/a><\/p>\n<p>\u00cen imaginile analizate de anchetatori, din mai multe unghiuri, se observ\u0103 cum 2 tineri se plimb\u0103 \u00een jurul c\u0103ii ferate, fac diverse exerci\u021bii fizice, unul dintre ei st\u0103 \u00een m\u00e2ini. Dup\u0103 ce dispar din cadrul camerei aflate sub pasarele de pe care adolescentul ar fi s\u0103rit pe vagon, se observ\u0103 str\u0103fulgerarea electric\u0103 din momentul accidentului.<\/p>\n<p><a href=\"https:\/\/video.bzi.ro\/wp-content\/uploads\/2024\/10\/Clip-video-WhatsApp-2024-10-26-la-11.48.48_98151f92.mp4\" target=\"_blank\" rel=\"noopener\">VIDEO<\/a><\/p>\n<p>\u201eLa data de 24 octombrie a.c., \u00een jurul orei 19.00, poli\u021bi\u0219tii din cadrul Biroului Jude\u021bean de Poli\u021bie Transporturi Ia\u0219i au fost sesiza\u021bi prin apel 112 despre faptul c\u0103 \u00een zona sta\u021biei C.F. Socola, se afl\u0103 o persoan\u0103 care a c\u0103zut pe un vagon \u0219i s-a electrocutat&#8221;, a transmis Poli\u021bia.<\/p>\n<p><a title=\"Accident socant la Iasi. Un minor s-a electrocutat pe un vagon de tren. Desi avea rani grave, a refuzat sa coboare -FOTO\/VIDEO\" href=\"https:\/\/www.realitatea.net\/stiri\/actual\/accident-socant-la-iasi-un-minor-sa-electrocutat-dupa-ce-sa-urcat-pe-un-vagon-de-tren-desi-avea-rani-grave-a-refuzat-sa-coboare-fotovideo_671a8adcf9543718762b59e7\">Accident \u0219ocant la Ia\u0219i. Un minor s-a electrocutat pe un vagon de tren. De\u0219i avea r\u0103ni grave, a refuzat s\u0103 coboare \u2013FOTO\/VIDEO<\/a><\/p>\n<p>\u00a0<\/p>","protected":false},"excerpt":{"rendered":"<p>Managerul Spitalului de Copii \u201eSf. Maria\u201d din Ia\u015fi, Alina Belu, a transmis c\u0103 \u201epacientul este&hellip;<\/p>\n","protected":false},"author":0,"featured_media":2073,"comment_status":"open","ping_status":"open","sticky":false,"template":"","format":"standard","meta":{"footnotes":""},"categories":[2],"tags":[],"class_list":["post-2072","post","type-post","status-publish","format-standard","has-post-thumbnail","hentry","category-actual"],"_links":{"self":[{"href":"https:\/\/247stiri.ro\/index.php\/wp-json\/wp\/v2\/posts\/2072","targetHints":{"allow":["GET"]}}],"collection":[{"href":"https:\/\/247stiri.ro\/index.php\/wp-json\/wp\/v2\/posts"}],"about":[{"href":"https:\/\/247stiri.ro\/index.php\/wp-json\/wp\/v2\/types\/post"}],"replies":[{"embeddable":true,"href":"https:\/\/247stiri.ro\/index.php\/wp-json\/wp\/v2\/comments?post=2072"}],"version-history":[{"count":0,"href":"https:\/\/247stiri.ro\/index.php\/wp-json\/wp\/v2\/posts\/2072\/revisions"}],"wp:featuredmedia":[{"embeddable":true,"href":"https:\/\/247stiri.ro\/index.php\/wp-json\/wp\/v2\/media\/2073"}],"wp:attachment":[{"href":"https:\/\/247stiri.ro\/index.php\/wp-json\/wp\/v2\/media?parent=2072"}],"wp:term":[{"taxonomy":"category","embeddable":true,"href":"https:\/\/247stiri.ro\/index.php\/wp-json\/wp\/v2\/categories?post=2072"},{"taxonomy":"post_tag","embeddable":true,"href":"https:\/\/247stiri.ro\/index.php\/wp-json\/wp\/v2\/tags?post=2072"}],"curies":[{"name":"wp","href":"https:\/\/api.w.org\/{rel}","templated":true}]}}