{"id":2078,"date":"2024-10-26T12:44:54","date_gmt":"2024-10-26T12:44:54","guid":{"rendered":"https:\/\/247stiri.ro\/index.php\/2024\/10\/26\/gigacaloria-s-ar-putea-scumpi-in-bucuresti-cu-cat-ar-putea-creste-facturile-in-sezonul-rece\/"},"modified":"2024-10-26T12:44:54","modified_gmt":"2024-10-26T12:44:54","slug":"gigacaloria-s-ar-putea-scumpi-in-bucuresti-cu-cat-ar-putea-creste-facturile-in-sezonul-rece","status":"publish","type":"post","link":"https:\/\/247stiri.ro\/index.php\/2024\/10\/26\/gigacaloria-s-ar-putea-scumpi-in-bucuresti-cu-cat-ar-putea-creste-facturile-in-sezonul-rece\/","title":{"rendered":"Gigacaloria s-ar putea scumpi \u00een Bucure\u0219ti. Cu c\u00e2t ar putea cre\u0219te facturile \u00een sezonul rece?"},"content":{"rendered":"<p>\u00centrebat dac\u0103 gigacaloria se va scumpi, prin decizie a Consiliului General al Capitalei, edilul general nu a negat, dar a precizat c\u0103 un astfel de scenariu nu \u00eenseamn\u0103 c\u0103 se elimin\u0103 subven\u021biile, potrivit Realitatea Plus.<\/p>\n<p>\u00a0\u201eCe pot eu s\u0103 spun este c\u0103 nu vom fi \u00een situa\u021bia \u00een care tot costul gigacaloriei s\u0103 fie suportat de cet\u0103\u021beni, deci va exista \u00een continuare o subven\u021bie consistent\u0103 de la Prim\u0103ria Capitalei pentru c\u0103 interesul nostru este s\u0103 men\u021binem oamenii abona\u021bi la sistemul centralizat pentru c\u0103 deja suntem \u00eentr-un ora\u0219 poluat \u0219i nu vrem s\u0103 \u00eencuraj\u0103m oamenii c\u0103tre solu\u021bii individuale de \u00eenc\u0103lzire\u201d.<\/p>\n<p>Pe de alt\u0103 parte, unii administratori un sunt at\u00e2t de optimi\u0219ti, afirm\u00e2nd c\u0103 deja ar fi semne c\u0103 facturile sunt \u00eempov\u0103r\u0103toare pentru mul\u021bi bucure\u0219teni.&#8221;Deja am observat un fenomen ciudat \u0219i dubuios, \u00een sensul c\u0103 inclusiv \u00een r\u00e2ndul persoanelor mai tinere care nu mai pl\u0103tesc la timp \u0219i ne a\u0219tept\u0103m s\u0103 ie\u0219im cu datorii din iarn\u0103&#8221;,\u00a0 a afirmat Eugen Berceanu, pre\u0219edintele unei asocia\u021bii de proprietari.\u00a0+<\/p>","protected":false},"excerpt":{"rendered":"<p>\u00centrebat dac\u0103 gigacaloria se va scumpi, prin decizie a Consiliului General al Capitalei, edilul general&hellip;<\/p>\n","protected":false},"author":0,"featured_media":2079,"comment_status":"open","ping_status":"open","sticky":false,"template":"","format":"standard","meta":{"footnotes":""},"categories":[2],"tags":[],"class_list":["post-2078","post","type-post","status-publish","format-standard","has-post-thumbnail","hentry","category-actual"],"_links":{"self":[{"href":"https:\/\/247stiri.ro\/index.php\/wp-json\/wp\/v2\/posts\/2078","targetHints":{"allow":["GET"]}}],"collection":[{"href":"https:\/\/247stiri.ro\/index.php\/wp-json\/wp\/v2\/posts"}],"about":[{"href":"https:\/\/247stiri.ro\/index.php\/wp-json\/wp\/v2\/types\/post"}],"replies":[{"embeddable":true,"href":"https:\/\/247stiri.ro\/index.php\/wp-json\/wp\/v2\/comments?post=2078"}],"version-history":[{"count":0,"href":"https:\/\/247stiri.ro\/index.php\/wp-json\/wp\/v2\/posts\/2078\/revisions"}],"wp:featuredmedia":[{"embeddable":true,"href":"https:\/\/247stiri.ro\/index.php\/wp-json\/wp\/v2\/media\/2079"}],"wp:attachment":[{"href":"https:\/\/247stiri.ro\/index.php\/wp-json\/wp\/v2\/media?parent=2078"}],"wp:term":[{"taxonomy":"category","embeddable":true,"href":"https:\/\/247stiri.ro\/index.php\/wp-json\/wp\/v2\/categories?post=2078"},{"taxonomy":"post_tag","embeddable":true,"href":"https:\/\/247stiri.ro\/index.php\/wp-json\/wp\/v2\/tags?post=2078"}],"curies":[{"name":"wp","href":"https:\/\/api.w.org\/{rel}","templated":true}]}}