{"id":2082,"date":"2024-10-26T12:44:56","date_gmt":"2024-10-26T12:44:56","guid":{"rendered":"https:\/\/247stiri.ro\/index.php\/2024\/10\/26\/nicusor-dan-despre-viziunea-lui-nicolae-ciuca-pentru-bucuresti-este-un-plan-coerent-si-curajos\/"},"modified":"2024-10-26T12:44:56","modified_gmt":"2024-10-26T12:44:56","slug":"nicusor-dan-despre-viziunea-lui-nicolae-ciuca-pentru-bucuresti-este-un-plan-coerent-si-curajos","status":"publish","type":"post","link":"https:\/\/247stiri.ro\/index.php\/2024\/10\/26\/nicusor-dan-despre-viziunea-lui-nicolae-ciuca-pentru-bucuresti-este-un-plan-coerent-si-curajos\/","title":{"rendered":"Nicu\u0219or Dan, despre viziunea lui Nicolae Ciuc\u0103 pentru Bucure\u0219ti: Este un plan coerent \u0219i curajos"},"content":{"rendered":"<p>&#8222;\u00cen urm\u0103 cu c\u00e2teva s\u0103pt\u0103m\u00e2ni, l-am sunat pe dl Ciuc\u0103 \u0219i i-am spus de acele 20 de puncte. Mi-a zis da, dar \u00eenainte a\u0219 vrea s\u0103 v\u0103 prezint o viziune pentru Bucure\u0219ti. \u0218i dup\u0103 ce ne-am \u00eent\u00e2lnit am v\u0103zut acest proiect care e si foarte coerent \u0219i foarte curajos.\u00a0<\/p>\n<p>Din p\u0103cate modul \u00een care s-a dezvoltat ora\u0219ul, din perspectiva administra\u021biei publice, a fost: avem o idee, mai g\u0103sim un obiectiv, mai g\u0103sim un spa\u021biu, mai punem o cl\u0103dire, f\u0103r\u0103 s\u0103 fie g\u00e2ndite \u0219tiin\u021bific, \u00een baza acestei \u0219tiin\u021be care este urbanismul.<\/p>\n<p>\u0218i tocmai de aceea un program cum este acesta are o mare valoare. Pentru c\u0103 el g\u00e2nde\u0219te grupat ni\u0219te func\u021biuni.Proiectul se duce pe mul\u021bi ani.<\/p>\n<p>Acest proiect nu poate fi asumat doar de Prim\u0103ria Capitalei<\/p>\n<p>Daca ne ducem \u00een marile noastre ora\u0219e din Transilvania o s\u0103 vedem un mare spa\u021biu \u00een centrul ora\u0219ului, pe care Bucure\u0219tiul nu \u00eel are.\u00a0Avem Pia\u021ba Universit\u0103\u021bii, dar nu un spa\u021biu de mare punct de \u00eent\u00e2lnire pentru bucure\u0219teni.\u00a0Exist\u0103 foarte pu\u021bine spa\u021bii, p\u0103rerea mea \u0219i a unor urbani\u0219ti, marele punct nu poate fi dec\u00e2t acest teren de la Esplanad\u0103. E un efort de a face cartierul justitiei pe acel teren.<\/p>\n<p>\u00a0<\/p>\n<p>A fi un ora\u0219 universitar e o calitate pentru un ora\u0219.\u00cen alte centre universitare rom\u00e2ne\u0219ti sim\u021bi c\u0103 tr\u0103ie\u0219ti \u00eentr-un ora\u0219 universitar. \u00cen Bucure\u0219ti nu tr\u0103ie\u0219ti asta, avem disparate: Regie, Moxa&#8230;<\/p>\n<p>Exist\u0103 ideea de a face un mare campus \u00een Ilfov, \u00eens\u0103 nu cred ca asta e direc\u021bia \u00een care trebuie ora\u0219ul s\u0103 mearg\u0103. Conteaz\u0103 foarte mult cercetarea, inovarea, de aceea loca\u021bia e \u00een centrul ora\u0219ului.<\/p>\n<p>Exist\u0103 acea zon\u0103 de l\u00e2ng\u0103 Biblioteca Na\u021bional\u0103, avem aici poten\u021bial de spa\u021biu verde, avem Parcul Izvor dar care e izolat, te duci \u00een parcul Izvor ca s\u0103 te duci \u00een parcul Izvor, nu sim\u021bi c\u0103 e\u0219ti \u00een centrul ora\u0219ului, se poate vedea pe hart\u0103.<\/p>\n<p>Spuneam despre caracterul, uria\u0219ul poten\u021bial pe care Bucure\u0219ti ora\u0219 universitar il are, pe care r\u00e2ul D\u00e2mbovi\u021ba \u00eel are.De-a lungul D\u00e2mbovi\u021bei putem redefini acel spa\u021biu creativ \u00een centrul ora\u0219elor, \u00een care conteaz\u0103 cercetarea \u0219i inovarea.&#8221;<\/p>\n<p>&#8222;O viziune comun\u0103 pentru Bucure\u0219ti, patronat\u0103 de pre\u0219edintele Rom\u00e2niei, asumat\u0103 de guvern \u0219i prim\u0103ria general\u0103 a Capitalei&#8221;, a \u00eencheiat Nicolae Ciuc\u0103 prezentarea planului de 10 ani pentru Bucure\u0219t&#8221; a declarat Nicu\u0219or Dan.\u00a0<\/p>","protected":false},"excerpt":{"rendered":"<p>&#8222;\u00cen urm\u0103 cu c\u00e2teva s\u0103pt\u0103m\u00e2ni, l-am sunat pe dl Ciuc\u0103 \u0219i i-am spus de acele&hellip;<\/p>\n","protected":false},"author":0,"featured_media":2077,"comment_status":"open","ping_status":"open","sticky":false,"template":"","format":"standard","meta":{"footnotes":""},"categories":[2],"tags":[],"class_list":["post-2082","post","type-post","status-publish","format-standard","has-post-thumbnail","hentry","category-actual"],"_links":{"self":[{"href":"https:\/\/247stiri.ro\/index.php\/wp-json\/wp\/v2\/posts\/2082","targetHints":{"allow":["GET"]}}],"collection":[{"href":"https:\/\/247stiri.ro\/index.php\/wp-json\/wp\/v2\/posts"}],"about":[{"href":"https:\/\/247stiri.ro\/index.php\/wp-json\/wp\/v2\/types\/post"}],"replies":[{"embeddable":true,"href":"https:\/\/247stiri.ro\/index.php\/wp-json\/wp\/v2\/comments?post=2082"}],"version-history":[{"count":0,"href":"https:\/\/247stiri.ro\/index.php\/wp-json\/wp\/v2\/posts\/2082\/revisions"}],"wp:featuredmedia":[{"embeddable":true,"href":"https:\/\/247stiri.ro\/index.php\/wp-json\/wp\/v2\/media\/2077"}],"wp:attachment":[{"href":"https:\/\/247stiri.ro\/index.php\/wp-json\/wp\/v2\/media?parent=2082"}],"wp:term":[{"taxonomy":"category","embeddable":true,"href":"https:\/\/247stiri.ro\/index.php\/wp-json\/wp\/v2\/categories?post=2082"},{"taxonomy":"post_tag","embeddable":true,"href":"https:\/\/247stiri.ro\/index.php\/wp-json\/wp\/v2\/tags?post=2082"}],"curies":[{"name":"wp","href":"https:\/\/api.w.org\/{rel}","templated":true}]}}