{"id":2083,"date":"2024-10-26T12:44:56","date_gmt":"2024-10-26T12:44:56","guid":{"rendered":"https:\/\/247stiri.ro\/index.php\/2024\/10\/26\/tragedie-in-vrancea-un-autoturism-a-cazut-de-pe-un-pod-soferul-a-murit-in-timp-ce-fetita-sa-de-9-ani-a-iesit-singura-din-masina-foto\/"},"modified":"2024-10-26T12:44:56","modified_gmt":"2024-10-26T12:44:56","slug":"tragedie-in-vrancea-un-autoturism-a-cazut-de-pe-un-pod-soferul-a-murit-in-timp-ce-fetita-sa-de-9-ani-a-iesit-singura-din-masina-foto","status":"publish","type":"post","link":"https:\/\/247stiri.ro\/index.php\/2024\/10\/26\/tragedie-in-vrancea-un-autoturism-a-cazut-de-pe-un-pod-soferul-a-murit-in-timp-ce-fetita-sa-de-9-ani-a-iesit-singura-din-masina-foto\/","title":{"rendered":"Tragedie in Vrancea. Un autoturism a c\u0103zut de pe un pod: \u0219oferul a murit, \u00een timp ce feti\u0163a sa de 9 ani a ie\u015fit singur\u0103 din ma\u015fin\u0103 &#8211; FOTO"},"content":{"rendered":"<p>Poli\u021bi\u0219tii spun c\u0103 \u0219oferul nu a adaptat viteza ma\u0219inii la condi\u021biile de mers. Drumul era acoperit cu piatr\u0103 cubic\u0103.<\/p>\n<p>\u201eLa accidentul rutier(n.r. de la Jitia) au fost identificate dou\u0103 victime .O victim\u0103 in v\u00e2rst\u0103 de 37 ani ,de sex masculin, f\u0103r\u0103 semne vitale, \u00eencarcerat\u0103 ,cu leziuni incompatibile cu via\u021ba.A doua victim\u0103, \u00eein v\u00e2rst\u0103 de 9 ani sex feminin, cu leziuni minore a fost preluat\u0103 \u0219i transportat\u0103 la \u00a0Unitatea de Primiri Urgen\u021be(UPU) a Spitalului Jude\u021bean Foc\u0219ani.\u201d ,a anun\u021bat prin intermediul unei inform\u0103ri de pres\u0103 purt\u0103torul de cuv\u00e2nt al Serviciului de Ambulan\u021b\u0103 Jude\u021bean (SAJ) Vrancea.<\/p>\n<p>GALERIE<a href=\"https:\/\/www.monitoruldevrancea.ro\/2024\/10\/26\/ultima-ora-foto-accident-mortal-la-iesire-din-jitia\/\" target=\"_blank\" rel=\"noopener\"> FOTO.<\/a><\/p>","protected":false},"excerpt":{"rendered":"<p>Poli\u021bi\u0219tii spun c\u0103 \u0219oferul nu a adaptat viteza ma\u0219inii la condi\u021biile de mers. Drumul era&hellip;<\/p>\n","protected":false},"author":0,"featured_media":2084,"comment_status":"open","ping_status":"open","sticky":false,"template":"","format":"standard","meta":{"footnotes":""},"categories":[2],"tags":[],"class_list":["post-2083","post","type-post","status-publish","format-standard","has-post-thumbnail","hentry","category-actual"],"_links":{"self":[{"href":"https:\/\/247stiri.ro\/index.php\/wp-json\/wp\/v2\/posts\/2083","targetHints":{"allow":["GET"]}}],"collection":[{"href":"https:\/\/247stiri.ro\/index.php\/wp-json\/wp\/v2\/posts"}],"about":[{"href":"https:\/\/247stiri.ro\/index.php\/wp-json\/wp\/v2\/types\/post"}],"replies":[{"embeddable":true,"href":"https:\/\/247stiri.ro\/index.php\/wp-json\/wp\/v2\/comments?post=2083"}],"version-history":[{"count":0,"href":"https:\/\/247stiri.ro\/index.php\/wp-json\/wp\/v2\/posts\/2083\/revisions"}],"wp:featuredmedia":[{"embeddable":true,"href":"https:\/\/247stiri.ro\/index.php\/wp-json\/wp\/v2\/media\/2084"}],"wp:attachment":[{"href":"https:\/\/247stiri.ro\/index.php\/wp-json\/wp\/v2\/media?parent=2083"}],"wp:term":[{"taxonomy":"category","embeddable":true,"href":"https:\/\/247stiri.ro\/index.php\/wp-json\/wp\/v2\/categories?post=2083"},{"taxonomy":"post_tag","embeddable":true,"href":"https:\/\/247stiri.ro\/index.php\/wp-json\/wp\/v2\/tags?post=2083"}],"curies":[{"name":"wp","href":"https:\/\/api.w.org\/{rel}","templated":true}]}}