{"id":2085,"date":"2024-10-26T12:44:57","date_gmt":"2024-10-26T12:44:57","guid":{"rendered":"https:\/\/247stiri.ro\/index.php\/2024\/10\/26\/mars-de-protest-al-comunitatii-lgbt-pe-strazile-bucurestiului-in-ziua-de-sf-dimitrie-izvoratorul-de-mir-ce-solicita-minoritatile-sexuale\/"},"modified":"2024-10-26T12:44:57","modified_gmt":"2024-10-26T12:44:57","slug":"mars-de-protest-al-comunitatii-lgbt-pe-strazile-bucurestiului-in-ziua-de-sf-dimitrie-izvoratorul-de-mir-ce-solicita-minoritatile-sexuale","status":"publish","type":"post","link":"https:\/\/247stiri.ro\/index.php\/2024\/10\/26\/mars-de-protest-al-comunitatii-lgbt-pe-strazile-bucurestiului-in-ziua-de-sf-dimitrie-izvoratorul-de-mir-ce-solicita-minoritatile-sexuale\/","title":{"rendered":"Mar\u0219 de protest al comunit\u0103\u021bii LGBT pe str\u0103zile Bucure\u0219tiului, \u00een ziua de Sf. Dimitrie, Izvor\u00e2torul de Mir. Ce solicit\u0103 minorit\u0103\u021bile sexuale?"},"content":{"rendered":"<p>Asocia\u021bia Mozaic, reprezentanta comunit\u0103\u021bii LGBTQ \u00een Rom\u00e2nia, au organizat un mar\u0219 de protest fa\u021b\u0103 de faptului c\u0103 Rom\u00e2nia nu recunoa\u0219te parteneriatul civil. Acest protest vine exact \u00een ziua \u00een care rom\u00e2nii ortodoc\u0219i s\u0103rb\u0103toresc Sf\u00e2ntul Dumitru \u0219i mul\u021bi pelerini sunt prezen\u021bi pe Dealul Patriarhiei. Liderul AUR, George Simion a afirmat, \u00een exclusivitate la Realitatea Plus, c\u0103 un astfel de eveniment este o provocare. \u0218i George Becali, candidat la parlamentare pe listele aceluia\u0219i partid, a comentat \u00een stilul caracteristic.\u00a0<\/p>\n<p>Reprezentan\u021bii asocia\u021biei spun c\u0103 CEDO a condamnat Rom\u00e2nia pentru faptul c\u0103 \u021bara noastr\u0103 nu recunoa\u0219te parteneriatul civil.<\/p>\n\n<p>\u00a0\u00centr-o interven\u021bie la Realitatea Plus, pre\u0219edintele AUR, <a href=\"https:\/\/www.realitatea.net\/stiri\/actual\/comunitatea-lgbtq-anunta-un-mare-mars-maine-in-plina-sarbatoare-ortodoxa-simion-parada-este-o-provocare-dar-noi-ne-rugam-pentru-ei_671be78e75a2b8575f59b192\" target=\"_blank\" rel=\"noopener\">George Simion<\/a> a spus c\u0103 nu este de acord cu c\u0103s\u0103toria pentru persoanele de acela\u0219i sex \u0219i consider\u0103 c\u0103 organizarea mar\u0219ului \u00eentr-o zi de mare s\u0103r\u0103b\u0103toare ortodox\u0103 ar fi o strategie deliberat\u0103.\u00a0<\/p>\n<p>&#8222;Este evident o provocaree, noi in aceasta seara stam alaturi de pelerinii care fac coada la moastele Sfantului Dumitru si la Sfantul Dimitrie cel Nou. Este sarbatoarea Bucurestiului, cred ca este un sacrilegiu. Suntem alaturi de pelerini, le dam ceai. E un moment important pentru crestinii ortodoxcsi&#8221;.\u00a0<\/p>","protected":false},"excerpt":{"rendered":"<p>Asocia\u021bia Mozaic, reprezentanta comunit\u0103\u021bii LGBTQ \u00een Rom\u00e2nia, au organizat un mar\u0219 de protest fa\u021b\u0103 de&hellip;<\/p>\n","protected":false},"author":0,"featured_media":2086,"comment_status":"open","ping_status":"open","sticky":false,"template":"","format":"standard","meta":{"footnotes":""},"categories":[2],"tags":[],"class_list":["post-2085","post","type-post","status-publish","format-standard","has-post-thumbnail","hentry","category-actual"],"_links":{"self":[{"href":"https:\/\/247stiri.ro\/index.php\/wp-json\/wp\/v2\/posts\/2085","targetHints":{"allow":["GET"]}}],"collection":[{"href":"https:\/\/247stiri.ro\/index.php\/wp-json\/wp\/v2\/posts"}],"about":[{"href":"https:\/\/247stiri.ro\/index.php\/wp-json\/wp\/v2\/types\/post"}],"replies":[{"embeddable":true,"href":"https:\/\/247stiri.ro\/index.php\/wp-json\/wp\/v2\/comments?post=2085"}],"version-history":[{"count":0,"href":"https:\/\/247stiri.ro\/index.php\/wp-json\/wp\/v2\/posts\/2085\/revisions"}],"wp:featuredmedia":[{"embeddable":true,"href":"https:\/\/247stiri.ro\/index.php\/wp-json\/wp\/v2\/media\/2086"}],"wp:attachment":[{"href":"https:\/\/247stiri.ro\/index.php\/wp-json\/wp\/v2\/media?parent=2085"}],"wp:term":[{"taxonomy":"category","embeddable":true,"href":"https:\/\/247stiri.ro\/index.php\/wp-json\/wp\/v2\/categories?post=2085"},{"taxonomy":"post_tag","embeddable":true,"href":"https:\/\/247stiri.ro\/index.php\/wp-json\/wp\/v2\/tags?post=2085"}],"curies":[{"name":"wp","href":"https:\/\/api.w.org\/{rel}","templated":true}]}}