{"id":20973,"date":"2025-01-02T18:44:57","date_gmt":"2025-01-02T18:44:57","guid":{"rendered":"https:\/\/247stiri.ro\/index.php\/2025\/01\/02\/george-simion-anunta-un-protest-masiv-pe-12-ianuarie-in-piata-universitatii-ma-astept-la-foarte-multi-oameni-in-strada\/"},"modified":"2025-01-02T18:44:57","modified_gmt":"2025-01-02T18:44:57","slug":"george-simion-anunta-un-protest-masiv-pe-12-ianuarie-in-piata-universitatii-ma-astept-la-foarte-multi-oameni-in-strada","status":"publish","type":"post","link":"https:\/\/247stiri.ro\/index.php\/2025\/01\/02\/george-simion-anunta-un-protest-masiv-pe-12-ianuarie-in-piata-universitatii-ma-astept-la-foarte-multi-oameni-in-strada\/","title":{"rendered":"George Simion anun\u021b\u0103 un protest masiv pe 12 ianuarie \u00een Pia\u021ba Universit\u0103\u021bii: \u201eM\u0103 a\u0219tept la foarte mul\u021bi oameni \u00een strad\u0103\u201d"},"content":{"rendered":"<p>\u201eAm vrut la \u00eenceput de an s\u0103 salut pe viu telespectatorii Realit\u0103\u021bii \u0219i s\u0103 anun\u021b c\u0103 ne asum\u0103m \u0219i noi, ca forma\u021biune, un meeting mare unde a\u0219tept\u0103m to\u021bi rom\u00e2nii, toate jude\u021bele \u021b\u0103rii, pe data de 12 ianuarie. Colegii no\u0219tri din diaspora \u0219i-au luat deja bilete, vin din toate \u021b\u0103rile, a\u0219a cum pot.<\/p>\n<p>O s\u0103 vin\u0103, \u00eencep\u00e2nd de m\u00e2ine, se organizeaz\u0103 oameni din toate satele \u0219i ora\u0219ele \u021b\u0103rii. Chiar acum, c\u00e2nd am intrat \u00een platou la dumneavoastr\u0103, mi-a scris \u0219i domnul Iulian Surugiu, nu vrem s\u0103 fie ini\u021biativa noastr\u0103 \u0219i nu vrem s\u0103 monopoliz\u0103m \u0219i chiar nu o s\u0103 venim cu \u00eensemne de partid, dar Partidul Patrio\u021bilor, pe care \u00eel conduce domnul Iulian Surugiu, achieseaz\u0103 la aceast\u0103 idee, organizeaz\u0103 \u0219i \u00ee\u0219i asum\u0103 \u0219i \u00eempreun\u0103 membrii de la Partidul Patrio\u021bilor \u0219i invit\u0103m toate forma\u021biunile care nu sunt de acord cu aceast\u0103 lovitur\u0103 de stat, nu sunt de acord cu cum este condus\u0103 \u021bara \u0219i cum am fost batjocorit \u0219i de Klaus Iohannis \u0219i de aceste partide care au confiscat puterea \u0219i s-au \u00eensc\u0103unat din nou cu aceia\u0219i mini\u0219tri, min\u021bind oamenii, min\u021bindu-i \u00een campanie c\u0103 nu vor fi t\u0103ieri de pensii, de aloca\u021bii, \u0219i acum au ajuns p\u00e2n\u0103 \u0219i mierea copiilor s\u0103 o taie pentru c\u0103 era mare pagub\u0103, n-au t\u0103iat din ministerele lor, din sinecurile lor, din avantajele pe care ei le au. De aceea m\u0103 a\u0219tept la foarte, foarte mul\u021bi oameni \u00een strad\u0103 \u00een perioada urm\u0103toare \u0219i la aceast\u0103 ac\u021biune pe care noi o organiz\u0103m pe 12 ianuarie\u201d, a spus George Simion.<\/p>\n<p>\u00centrebat ce-\u0219i propune aceast\u0103 ac\u021biune, George Simion a r\u0103spuns: \u201ePentru democra\u021bie, fa\u021b\u0103 de lovitura de stat care a fost dat\u0103, puteau s\u0103 lase turul 2, vrem reluarea alegerilor \u00eencep\u00e2nd cu turul 2 \u0219i vrem s\u0103 revenim \u00een cadrul democratic, \u00een cadrul normal. Am vorbit ast\u0103zi \u00eentr-o conferin\u021b\u0103, maraton, cu to\u021bi colegii mei din \u021bar\u0103.  Toat\u0103 \u021bara fierbe, toat\u0103 \u021bara a\u0219teapt\u0103 s\u0103 vin\u0103 la Bucure\u0219ti \u0219i s\u0103 intr\u0103m \u00een ordinea \u0219i \u00een promisiunile care ni s-au spus din decembrie 1989 \u00eencoace. Sunt 35 de ani \u0219i noi am ajuns s\u0103 ie\u0219im \u00een strad\u0103 pentru alegeri libere \u0219i pentru democra\u021bie. Nu este posibil a\u0219a ceva. Am epuizat aproape toate c\u0103ile \u00een instan\u021bele rom\u00e2ne\u0219ti \u0219i la nivelul institu\u021biilor europene \u0219i interna\u021bionale. Am crezut, \u0219i asta este tactica pe care au avut-o \u0219i avoca\u021bii domnului Georgescu \u0219i domnul C\u0103lin Georgescu, am crezut c\u0103 va exista o ie\u0219ire pa\u0219nic\u0103, democratic\u0103 de a restabili ordinea constitu\u021bional\u0103. Ne dorim \u00een continuare ca toate aceste manifesta\u021bii s\u0103 fie pa\u0219nice \u0219i s\u0103 nu existe violen\u021be. Ne-am temut de o provocare din partea lui Klaus Iohannis&#8230; Incidente violente. Am v\u0103zut genul \u0103sta de provoc\u0103ri, inclusiv pe 10 august. Am v\u0103zut cum diferi\u021bii oameni folosi\u021bi de for\u021bele de ordine erau introdu\u0219i printre manifestan\u021bi. Un miting din acesta masiv are nevoie de toate m\u0103surile de precau\u021bie din partea noastr\u0103 pentru c\u0103 noi ni-l asum\u0103m din punct de vedere legal \u0219i noi suport\u0103m repercusiunile dac\u0103 se \u00eent\u00e2mpl\u0103. Locul de \u00eent\u00e2lnire este Pia\u021ba Universit\u0103\u021bii, dup\u0103 care vom porni \u00een mar\u0219 c\u0103tre Pia\u021ba Victoriei.  Deci, duminica viitoare, de la ora 14.00, \u00een Pia\u021ba Universit\u0103\u021bii, vor veni colegii no\u0219tri din toat\u0103 \u021bara. De aceea am a\u0219teptat ast\u0103zi s\u0103 vorbesc cu reprezentan\u021bii no\u0219tri \u0219i cu filialele din toat\u0103 \u021bara, care mai propun \u0219i alte forme de manifestare pa\u0219nic\u0103. \u00cen toate jude\u021bele \u021b\u0103rii vom alege o dat\u0103 \u00een care se va ie\u0219i peste tot, de la Tulcea p\u00e2n\u0103 la Timi\u0219oara \u0219i Satul Mare\u201d.<\/p>","protected":false},"excerpt":{"rendered":"<p>\u201eAm vrut la \u00eenceput de an s\u0103 salut pe viu telespectatorii Realit\u0103\u021bii \u0219i s\u0103 anun\u021b&hellip;<\/p>\n","protected":false},"author":0,"featured_media":20972,"comment_status":"open","ping_status":"open","sticky":false,"template":"","format":"standard","meta":{"footnotes":""},"categories":[2],"tags":[],"class_list":["post-20973","post","type-post","status-publish","format-standard","has-post-thumbnail","hentry","category-actual"],"_links":{"self":[{"href":"https:\/\/247stiri.ro\/index.php\/wp-json\/wp\/v2\/posts\/20973","targetHints":{"allow":["GET"]}}],"collection":[{"href":"https:\/\/247stiri.ro\/index.php\/wp-json\/wp\/v2\/posts"}],"about":[{"href":"https:\/\/247stiri.ro\/index.php\/wp-json\/wp\/v2\/types\/post"}],"replies":[{"embeddable":true,"href":"https:\/\/247stiri.ro\/index.php\/wp-json\/wp\/v2\/comments?post=20973"}],"version-history":[{"count":0,"href":"https:\/\/247stiri.ro\/index.php\/wp-json\/wp\/v2\/posts\/20973\/revisions"}],"wp:featuredmedia":[{"embeddable":true,"href":"https:\/\/247stiri.ro\/index.php\/wp-json\/wp\/v2\/media\/20972"}],"wp:attachment":[{"href":"https:\/\/247stiri.ro\/index.php\/wp-json\/wp\/v2\/media?parent=20973"}],"wp:term":[{"taxonomy":"category","embeddable":true,"href":"https:\/\/247stiri.ro\/index.php\/wp-json\/wp\/v2\/categories?post=20973"},{"taxonomy":"post_tag","embeddable":true,"href":"https:\/\/247stiri.ro\/index.php\/wp-json\/wp\/v2\/tags?post=20973"}],"curies":[{"name":"wp","href":"https:\/\/api.w.org\/{rel}","templated":true}]}}