{"id":20981,"date":"2025-01-02T19:45:05","date_gmt":"2025-01-02T19:45:05","guid":{"rendered":"https:\/\/247stiri.ro\/index.php\/2025\/01\/02\/barbat-retinut-dupa-ce-a-fost-prins-de-doua-ori-in-decurs-de-doua-zile-la-volan-desi-avea-permisul-suspendat\/"},"modified":"2025-01-02T19:45:05","modified_gmt":"2025-01-02T19:45:05","slug":"barbat-retinut-dupa-ce-a-fost-prins-de-doua-ori-in-decurs-de-doua-zile-la-volan-desi-avea-permisul-suspendat","status":"publish","type":"post","link":"https:\/\/247stiri.ro\/index.php\/2025\/01\/02\/barbat-retinut-dupa-ce-a-fost-prins-de-doua-ori-in-decurs-de-doua-zile-la-volan-desi-avea-permisul-suspendat\/","title":{"rendered":"B\u0103rbat, re\u0163inut dup\u0103 ce a fost prins de dou\u0103 ori, \u00een decurs de dou\u0103 zile, la volan de\u0219i avea permisul SUSPENDAT"},"content":{"rendered":"<p>Poli\u0163i\u015ftii din cadrul Biroului Rutier Cluj-Napoca au identificat, miercuri, un b\u0103rbat \u00een v\u00e2rst\u0103 de 62 de ani, din jude\u0163ul Suceava, care conducea un autoturism pe Calea Flore\u015fti, el fiind implicat \u00eentr-un accident rutier soldat cu pagube materiale.<\/p>\n<p>\u00cen urma verific\u0103rilor, s-a constatat c\u0103 el avea dreptul de a conduce suspendat din cursul lunii noiembrie 2024.<\/p>\n<p>B\u0103rbatul a fost testat cu aparatul etilotest, rezultatul fiind negativ.<\/p>\n<p>Ca urmare, a fost deschis un dosar penal pentru conducere a unui vehicul pe drumurile publice av\u00e2nd dreptul de a conduce\u00a0suspendat.<\/p>\n<p>Joi, b\u0103rbatul a fost surprins din nou \u00een trafic, pe aceea\u015fi strad\u0103.<\/p>\n<p>Astfel, poli\u0163i\u015ftii Biroului Rutier Cluj-Napoca l-au interceptat \u00een trafic, iar \u00een urma administr\u0103rii probatoriului, au dispus m\u0103sura re\u0163inerii acestuia pentru 24 de ore.<\/p>\n<p>Totodat\u0103, un c\u0103\u0163el aflat \u00een autoturismul b\u0103rbatului a fost preluat de poli\u0163i\u015ftii Biroului pentru Protec\u0163ia Animalelor \u015fi transportat \u00eentr-un ad\u0103post specializat pentru animale, situat \u00een comuna\u00a0Flore\u015fti.<\/p>\n<p>Cercet\u0103rile continu\u0103 sub coordonarea unit\u0103\u0163ii de parchet competente, \u00een vederea stabilirii tuturor \u00eemprejur\u0103rilor\u00a0faptei.<\/p>","protected":false},"excerpt":{"rendered":"<p>Poli\u0163i\u015ftii din cadrul Biroului Rutier Cluj-Napoca au identificat, miercuri, un b\u0103rbat \u00een v\u00e2rst\u0103 de 62&hellip;<\/p>\n","protected":false},"author":0,"featured_media":20982,"comment_status":"open","ping_status":"open","sticky":false,"template":"","format":"standard","meta":{"footnotes":""},"categories":[2],"tags":[],"class_list":["post-20981","post","type-post","status-publish","format-standard","has-post-thumbnail","hentry","category-actual"],"_links":{"self":[{"href":"https:\/\/247stiri.ro\/index.php\/wp-json\/wp\/v2\/posts\/20981","targetHints":{"allow":["GET"]}}],"collection":[{"href":"https:\/\/247stiri.ro\/index.php\/wp-json\/wp\/v2\/posts"}],"about":[{"href":"https:\/\/247stiri.ro\/index.php\/wp-json\/wp\/v2\/types\/post"}],"replies":[{"embeddable":true,"href":"https:\/\/247stiri.ro\/index.php\/wp-json\/wp\/v2\/comments?post=20981"}],"version-history":[{"count":0,"href":"https:\/\/247stiri.ro\/index.php\/wp-json\/wp\/v2\/posts\/20981\/revisions"}],"wp:featuredmedia":[{"embeddable":true,"href":"https:\/\/247stiri.ro\/index.php\/wp-json\/wp\/v2\/media\/20982"}],"wp:attachment":[{"href":"https:\/\/247stiri.ro\/index.php\/wp-json\/wp\/v2\/media?parent=20981"}],"wp:term":[{"taxonomy":"category","embeddable":true,"href":"https:\/\/247stiri.ro\/index.php\/wp-json\/wp\/v2\/categories?post=20981"},{"taxonomy":"post_tag","embeddable":true,"href":"https:\/\/247stiri.ro\/index.php\/wp-json\/wp\/v2\/tags?post=20981"}],"curies":[{"name":"wp","href":"https:\/\/api.w.org\/{rel}","templated":true}]}}