{"id":20995,"date":"2025-01-02T20:44:53","date_gmt":"2025-01-02T20:44:53","guid":{"rendered":"https:\/\/247stiri.ro\/index.php\/2025\/01\/02\/fost-colonel-sri-cei-care-ii-lauda-pe-legionari-vor-fi-arestati-vor-limita-drastic-libertatea-de-exprimare\/"},"modified":"2025-01-02T20:44:53","modified_gmt":"2025-01-02T20:44:53","slug":"fost-colonel-sri-cei-care-ii-lauda-pe-legionari-vor-fi-arestati-vor-limita-drastic-libertatea-de-exprimare","status":"publish","type":"post","link":"https:\/\/247stiri.ro\/index.php\/2025\/01\/02\/fost-colonel-sri-cei-care-ii-lauda-pe-legionari-vor-fi-arestati-vor-limita-drastic-libertatea-de-exprimare\/","title":{"rendered":"Fost colonel SRI: Cei care \u00eei laud\u0103 pe legionari vor fi aresta\u021bi. Vor limita drastic libertatea de exprimare"},"content":{"rendered":"<p>\u201eDin ce \u00een\u021belegem prin propunerea pe care vrea s\u0103 o fac\u0103, s\u0103 introduc\u0103 un nou text de lege,\u00a0de exemplu, spune a\u0219a, c\u0103 parchetul general propune amendarea textului de lege prin incriminarea faptei de a promova\u00a0\u00een public cultul persoanelor care au f\u0103cut parte din conducerea unei organiza\u021bii fasciste, legionare, rasiste sau xenofobe,\u00a0\u0219i acum \u00eei vine chestia interesant\u0103, independent de existen\u021ba unei hot\u0103r\u00e2ri de condamnare fa\u021b\u0103 de acea persoan\u0103,\u00a0\u0219i \u00eei spune modificarea care ar fi apt\u0103 s\u0103 acopere toate situa\u021biile de acest tip pe care le constat\u0103m azi \u00een mediul public.\u00a0Oare se \u00eentreab\u0103 cineva cum se dore\u0219te ca s\u0103 fie incriminate fapte de natur\u0103 penal\u0103, da?\u00a0Dac\u0103 tu faci apologia unor persoane care nu au avut hot\u0103r\u00e2ri de condamnare, nu?\u00a0\u00censeamn\u0103 c\u0103 asta va limita drastic, practic, libera exprimarea.\u00a0E \u00eengrijor\u0103tor faptul c\u0103 tu po\u021bi fi acuzat chiar dac\u0103 vorbe\u0219ti de o persoan\u0103 care nu a fost condamnat\u0103.<\/p>\n<p>\u00a0<\/p>\n<p>Un alt aspect care \u00eei transpare acest comunicat este c\u0103 d\u00e2n\u0219ii vor s\u0103 sanc\u021bioneze conduite publice nocive.\u00a0No\u021biunea de nociv iar e voag\u0103.\u00a0Parchetul general propune anumite modific\u0103ri legislative care s\u0103 permit\u0103, aten\u021bie,\u00a0tragerea la r\u0103spundere penal\u0103 inclusiv acelor situa\u021bii \u00een care nu sunt proferate amenin\u021b\u0103ri exprese la adresa unei persoane,\u00a0dar prin forma de manifestare, imagine postate, recuzit\u0103, folosit\u0103, ele reprezint\u0103 forme de amenin\u021bare implicit\u0103.<\/p>\n<p>\u00a0<\/p>\n<p>De exemplu, eu b\u0103nuiesc aici, dac\u0103 cumva postezi ni\u0219te \u0219urubelni\u021be pe net \u0219i al\u0103turi o poz\u0103 a unei persoane,\u00a0parchetul b\u0103nuiesc c\u0103 poate s\u0103 consider\u0103 c\u0103 reprezint\u0103 o form\u0103 de amenin\u021bare la persoana respectiv\u0103 \u0219i are un efect intimidant.\u00a0\u0218i atunci pot deschide un dosar penal.\u00a0Vor s\u0103 fac\u0103 o legisla\u021bie mult mai general\u0103 \u0219i mai pu\u021bin aplicat\u0103 pe concretizarea faptelor de natur\u0103 penal\u0103,\u00a0astfel \u00eenc\u00e2t s\u0103 poat\u0103 deschide dosare penale mult mai u\u0219or.<\/p>\n<p>\u00a0<\/p>\n<p>Bine\u00een\u021beles c\u0103 vizeaz\u0103 foarte mult, cred c\u0103, acum, mediul online.\u00a0F\u0103r\u0103 o dezbatere clar\u0103 \u0219i punere concret\u0103 la ce, de fapt, se dore\u0219te, din punctul meu de vedere,\u00a0asta reprezint\u0103 o limitare a libert\u0103rii exprim\u0103rii.\u00a0Nu mi se pare corect s\u0103 vii, mai ales \u00een perioada de s\u0103rb\u0103tori, cu astfel de propuneri\u201d, a spus col. \u00een rez. ION DEDU, fost \u0219ef \u00een domeniul cibernetic SRI, la Realitatea PLUS.<\/p>","protected":false},"excerpt":{"rendered":"<p>\u201eDin ce \u00een\u021belegem prin propunerea pe care vrea s\u0103 o fac\u0103, s\u0103 introduc\u0103 un nou&hellip;<\/p>\n","protected":false},"author":0,"featured_media":20996,"comment_status":"open","ping_status":"open","sticky":false,"template":"","format":"standard","meta":{"footnotes":""},"categories":[2],"tags":[],"class_list":["post-20995","post","type-post","status-publish","format-standard","has-post-thumbnail","hentry","category-actual"],"_links":{"self":[{"href":"https:\/\/247stiri.ro\/index.php\/wp-json\/wp\/v2\/posts\/20995","targetHints":{"allow":["GET"]}}],"collection":[{"href":"https:\/\/247stiri.ro\/index.php\/wp-json\/wp\/v2\/posts"}],"about":[{"href":"https:\/\/247stiri.ro\/index.php\/wp-json\/wp\/v2\/types\/post"}],"replies":[{"embeddable":true,"href":"https:\/\/247stiri.ro\/index.php\/wp-json\/wp\/v2\/comments?post=20995"}],"version-history":[{"count":0,"href":"https:\/\/247stiri.ro\/index.php\/wp-json\/wp\/v2\/posts\/20995\/revisions"}],"wp:featuredmedia":[{"embeddable":true,"href":"https:\/\/247stiri.ro\/index.php\/wp-json\/wp\/v2\/media\/20996"}],"wp:attachment":[{"href":"https:\/\/247stiri.ro\/index.php\/wp-json\/wp\/v2\/media?parent=20995"}],"wp:term":[{"taxonomy":"category","embeddable":true,"href":"https:\/\/247stiri.ro\/index.php\/wp-json\/wp\/v2\/categories?post=20995"},{"taxonomy":"post_tag","embeddable":true,"href":"https:\/\/247stiri.ro\/index.php\/wp-json\/wp\/v2\/tags?post=20995"}],"curies":[{"name":"wp","href":"https:\/\/api.w.org\/{rel}","templated":true}]}}