{"id":2100,"date":"2024-10-26T13:44:48","date_gmt":"2024-10-26T13:44:48","guid":{"rendered":"https:\/\/247stiri.ro\/index.php\/2024\/10\/26\/planul-pentru-bucuresti-proiect-comun-nicolae-ciuca-nicusor-dan\/"},"modified":"2024-10-26T13:44:48","modified_gmt":"2024-10-26T13:44:48","slug":"planul-pentru-bucuresti-proiect-comun-nicolae-ciuca-nicusor-dan","status":"publish","type":"post","link":"https:\/\/247stiri.ro\/index.php\/2024\/10\/26\/planul-pentru-bucuresti-proiect-comun-nicolae-ciuca-nicusor-dan\/","title":{"rendered":"Planul pentru Bucure\u0219ti, proiect comun Nicolae Ciuc\u0103 &#8211; Nicu\u0219or Dan"},"content":{"rendered":"<p>Dup\u0103 ce acum c\u00e2teva zile Nicolae Ciuc\u0103 \u0219i Nicu\u0219or Dan au avut \u00eempreun\u0103 o \u00eent\u00e2lnire informal\u0103 cu reprezentan\u021bii mediului de afaceri din Bucure\u0219ti, acum cei doi au lansat, \u00eempreun\u0103, Planul pentru Bucure\u0219ti, propunerea care reprezint\u0103 viziunea candidatului PNL pentru Bucure\u0219tiul urm\u0103torilor zece ani.\u00a0<\/p>\n<p>Printre altele, Planul pentru Bucure\u0219ti, pentru care cei doi au b\u0103tut palma \u0219i care a fost \u00eensu\u0219it \u0219i de Nicu\u0219or Dan, prevede mutarea Guvernului \u00een Casa \u0218tiin\u021bei, actualul sediu al Academiei Rom\u00e2ne din fa\u021ba Senatului \u0219i a ministerelor \u0219i celorlalte institu\u021bii ale administra\u021biei centrale, \u00een spa\u021biul dintre Parlament \u0219i viitorul sediu al Guvernului prin construc\u021bia unui nou cartier administrativ.\u00a0<\/p>\n<p>Cartierul Justi\u021biei se va muta l\u00e2ng\u0103 Palatul Parlamentului \u0219i viitorul Palat al Guvernului. \u00a0\u00cen zona noului Cartier Administrativ va fi realizat un spa\u021biu public \u2013 Agora Civic\u0103.\u00a0<\/p>\n<p>Zidurile din jurul Parlamentului vor disp\u0103rea, iar \u00een zona noului Cartier Administrativ va fi realizat un spa\u021biu public, Agora Civic\u0103.<\/p>\n<p>Institu\u021biile administra\u021biei centrale ar fi \u00een acela\u0219i loc, nu ar mai fi r\u0103sp\u00e2ndite prin tot Bucure\u0219tiul, iar accesul func\u021bionarilor, dar \u0219i al cet\u0103\u021benilor, se va face mai u\u0219or. Dispare traficul auto dintre Guvern \u0219i ministere \u0219i s-ar degreva astfel ora\u0219ul de o parte din trafic.<\/p>\n<p>Centrul ora\u0219ului va fi eliberat de ma\u0219ini, \u0219i, \u00een acela\u0219i timp, Bucure\u0219tiul va c\u00e2\u0219tiga spa\u021bii verzi \u0219i va deveni un ora\u0219 mai prietenos cu locuitorii s\u0103i. Esplanada de pe Bulevardul Unirii se va transforma \u00eentr-un parc de 10 hectare pentru Bucure\u015fti. Parcul Izvor va fi unit cu gr\u0103dinile din spatele Parlamentului prin d\u0103r\u00e2marea zidurilor, duc\u00e2nd ast\u0103zi la refacerea istoric\u0103 a Parcului Arsenalului, care ar putea avea o suprafa\u021b\u0103 de circa 30 de hectare.<\/p>\n<p>Propunerile concrete pe care Nicolae Ciuc\u0103 le-a f\u0103cut prin viitorul Bucure\u0219tiului par s\u0103 fi avut un rol decisiv \u00een apropierea dintre acesta \u0219i Nicu\u0219or Dan. E adev\u0103rat c\u0103 nici scandalul intern din USR nu pare s\u0103 fi ajutat \u00een rela\u021bia Nicu\u0219or Dan &#8211; Elena Lasconi. Reamintim c\u0103, la un moment dat, Elena Lasconi a avut o criz\u0103 \u00een care a repro\u0219at conducerii USR c\u0103 \u00eentr-un material de promovare Nicu\u0219or Dan ocup\u0103 o pozi\u021bie mai important\u0103 dec\u00e2t ea.<\/p>","protected":false},"excerpt":{"rendered":"<p>Dup\u0103 ce acum c\u00e2teva zile Nicolae Ciuc\u0103 \u0219i Nicu\u0219or Dan au avut \u00eempreun\u0103 o \u00eent\u00e2lnire&hellip;<\/p>\n","protected":false},"author":0,"featured_media":2096,"comment_status":"open","ping_status":"open","sticky":false,"template":"","format":"standard","meta":{"footnotes":""},"categories":[2],"tags":[],"class_list":["post-2100","post","type-post","status-publish","format-standard","has-post-thumbnail","hentry","category-actual"],"_links":{"self":[{"href":"https:\/\/247stiri.ro\/index.php\/wp-json\/wp\/v2\/posts\/2100","targetHints":{"allow":["GET"]}}],"collection":[{"href":"https:\/\/247stiri.ro\/index.php\/wp-json\/wp\/v2\/posts"}],"about":[{"href":"https:\/\/247stiri.ro\/index.php\/wp-json\/wp\/v2\/types\/post"}],"replies":[{"embeddable":true,"href":"https:\/\/247stiri.ro\/index.php\/wp-json\/wp\/v2\/comments?post=2100"}],"version-history":[{"count":0,"href":"https:\/\/247stiri.ro\/index.php\/wp-json\/wp\/v2\/posts\/2100\/revisions"}],"wp:featuredmedia":[{"embeddable":true,"href":"https:\/\/247stiri.ro\/index.php\/wp-json\/wp\/v2\/media\/2096"}],"wp:attachment":[{"href":"https:\/\/247stiri.ro\/index.php\/wp-json\/wp\/v2\/media?parent=2100"}],"wp:term":[{"taxonomy":"category","embeddable":true,"href":"https:\/\/247stiri.ro\/index.php\/wp-json\/wp\/v2\/categories?post=2100"},{"taxonomy":"post_tag","embeddable":true,"href":"https:\/\/247stiri.ro\/index.php\/wp-json\/wp\/v2\/tags?post=2100"}],"curies":[{"name":"wp","href":"https:\/\/api.w.org\/{rel}","templated":true}]}}