{"id":21005,"date":"2025-01-02T21:50:16","date_gmt":"2025-01-02T21:50:16","guid":{"rendered":"https:\/\/247stiri.ro\/index.php\/2025\/01\/02\/victor-ponta-topul-momentelor-controversate-cum-l-a-pus-la-colt-basescu-e-ca-un-pisicut\/"},"modified":"2025-01-02T21:50:16","modified_gmt":"2025-01-02T21:50:16","slug":"victor-ponta-topul-momentelor-controversate-cum-l-a-pus-la-colt-basescu-e-ca-un-pisicut","status":"publish","type":"post","link":"https:\/\/247stiri.ro\/index.php\/2025\/01\/02\/victor-ponta-topul-momentelor-controversate-cum-l-a-pus-la-colt-basescu-e-ca-un-pisicut\/","title":{"rendered":"Victor Ponta, TOPUL momentelor controversate. Cum l-a pus la col\u021b B\u0103sescu: &#8222;E ca un pisicu\u021b&#8221;"},"content":{"rendered":"<p>\u00cen urm\u0103 cu doar o lun\u0103, Ponta a postat \u0219i un mesaj scandalos pe pagina de socializare. Acesta i-a transmis unei femei care considera c\u0103 Rom\u00e2nia ar trebui s\u0103 scape de PSD c\u0103: &#8222;Cei ca tine ar merita sa fie l\u0103sa\u021bi s\u0103 moar\u0103 de foame din prostie&#8221;.<\/p>\n<p>O controvers\u0103 a fost \u0219i \u00een jurul \u00eent\u00e2lnirii dintre Victor Ponta \u0219i Donald Trump, de luna trecut\u0103, de la re\u0219edin\u021ba pre\u0219edintelui american de la Mar a Lago. Ponta s-a fotografiat \u00eens\u0103 cu o \u0219apc\u0103 inscrip\u021bionat\u0103 cu numele lui Trump.<\/p>\n<p><a href=\"https:\/\/www.realitatea.net\/stiri\/politica\/anca-alexandrescu-ponta-e-penibil-vrea-sa-urce-pe-valul-suveranist-nu-are-sustinerea-psd-ce-spune-despre-candidatura-lui-antonescu-la-prezidentiale_6776ae26b7963739fa772402\" target=\"_blank\">Anca Alexandrescu: &#8222;Ponta e penibil, vrea s\u0103 urce pe valul suveranist. Nu are sus\u021binerea PSD&#8221;. Ce spune despre candidatura lui Antonescu la preziden\u021biale<\/a><\/p>\n<p>\u00cen aten\u021bia public\u0103 a ap\u0103rut \u0219i dup\u0103 ce a fost filmat \u00een timp ce i se adreseaz\u0103 \u00eentr-un mod neobi\u0219nuit ministrului de atunci, Doina Pan\u0103.&#8221;Ce faci, fa, Doino aicea? Aveai chef de niste invitatii?&#8221;, spunea Ponta in 2014.Impactul devastator pentru cariera lui Victor Ponta a fost \u00eens\u0103 tragedia de la Colectiv. Mii de oameni i-au cerut atunci demisia.&#8221;Victor Ponta nu uita locul doi la Rahova&#8221;, au scandat omaneii dupa tragedia din 2015.Traian B\u0103sescu e cel care de-a lungul timpului a demonstrat cel mai bine de ce Victor Ponta nu e preg\u0103tit s\u0103 preia fr\u00e2iele puterii \u00een Rom\u00e2nia.&#8221;E ca un pisic, ca un pisicut. Cred ca-l strica anturajul. Cand esti doctor in drept, esti tare.Imi adreseaza invective, imi vorbeste foarte urat. Mai ales cand nu e singur. El trebuie sa mai fie cu cineva ca sa fie curajos&#8221;, spunea Basescu.<\/p>","protected":false},"excerpt":{"rendered":"<p>\u00cen urm\u0103 cu doar o lun\u0103, Ponta a postat \u0219i un mesaj scandalos pe pagina&hellip;<\/p>\n","protected":false},"author":0,"featured_media":21006,"comment_status":"open","ping_status":"open","sticky":false,"template":"","format":"standard","meta":{"footnotes":""},"categories":[3],"tags":[],"class_list":["post-21005","post","type-post","status-publish","format-standard","has-post-thumbnail","hentry","category-politica"],"_links":{"self":[{"href":"https:\/\/247stiri.ro\/index.php\/wp-json\/wp\/v2\/posts\/21005","targetHints":{"allow":["GET"]}}],"collection":[{"href":"https:\/\/247stiri.ro\/index.php\/wp-json\/wp\/v2\/posts"}],"about":[{"href":"https:\/\/247stiri.ro\/index.php\/wp-json\/wp\/v2\/types\/post"}],"replies":[{"embeddable":true,"href":"https:\/\/247stiri.ro\/index.php\/wp-json\/wp\/v2\/comments?post=21005"}],"version-history":[{"count":0,"href":"https:\/\/247stiri.ro\/index.php\/wp-json\/wp\/v2\/posts\/21005\/revisions"}],"wp:featuredmedia":[{"embeddable":true,"href":"https:\/\/247stiri.ro\/index.php\/wp-json\/wp\/v2\/media\/21006"}],"wp:attachment":[{"href":"https:\/\/247stiri.ro\/index.php\/wp-json\/wp\/v2\/media?parent=21005"}],"wp:term":[{"taxonomy":"category","embeddable":true,"href":"https:\/\/247stiri.ro\/index.php\/wp-json\/wp\/v2\/categories?post=21005"},{"taxonomy":"post_tag","embeddable":true,"href":"https:\/\/247stiri.ro\/index.php\/wp-json\/wp\/v2\/tags?post=21005"}],"curies":[{"name":"wp","href":"https:\/\/api.w.org\/{rel}","templated":true}]}}