{"id":21007,"date":"2025-01-02T21:50:17","date_gmt":"2025-01-02T21:50:17","guid":{"rendered":"https:\/\/247stiri.ro\/index.php\/2025\/01\/02\/surse-ordonanta-trenulet-arunca-in-aer-coalitia-si-asa-fragila-ce-masuri-de-austeritate-nu-sunt-pe-placul-liberalilor\/"},"modified":"2025-01-02T21:50:17","modified_gmt":"2025-01-02T21:50:17","slug":"surse-ordonanta-trenulet-arunca-in-aer-coalitia-si-asa-fragila-ce-masuri-de-austeritate-nu-sunt-pe-placul-liberalilor","status":"publish","type":"post","link":"https:\/\/247stiri.ro\/index.php\/2025\/01\/02\/surse-ordonanta-trenulet-arunca-in-aer-coalitia-si-asa-fragila-ce-masuri-de-austeritate-nu-sunt-pe-placul-liberalilor\/","title":{"rendered":"SURSE: Ordonan\u021ba &#8222;trenule\u021b&#8221; arunc\u0103 \u00een aer Coali\u021bia, \u0219i a\u0219a fragil\u0103: ce M\u0102SURI de austeritate NU sunt pe placul liberalilor"},"content":{"rendered":"<p>Potrivit unor surse politice, liberalii sunt nemul\u021bumi\u021bi din dou\u0103 motive.<\/p>\n<p>Unul dintre ele este sc\u0103derea pragului de impozitare pentru microinteprinderi, care de la 1 ianuarie a sc\u0103zut de la 500.000 de euro la 250.000 de euro, iar anul viitor va sc\u0103dea \u0219i mai mult &#8211; la 100.000 de euro.\u00a0<\/p>\n<p>Liberalii spun c\u0103 nemul\u021bumirea lor vinde din faptul c\u0103 \u00een campania electoral\u0103 au promis faptul c\u0103 acest prag nu va sc\u0103dea. Ba mai mult, \u0219i-au \u0219i asumat aceast\u0103 promisiune \u00een programul de guvernare.\u00a0<\/p>\n<p>Cea de-a doua nemul\u021bumire vine din faptul c\u0103 impozitul pe dividente a crescut de la 8% \u00een 2024, la 10% \u00een 2025.<\/p>\n<p>Aceste m\u0103suri nu ar fi fost, de fapt, discutate \u00een Coali\u021bie, spun surse din r\u00e2ndul liberalilor \u0219i s-au trezit cu ele \u00een ordonan\u021b\u0103 peste noapte.\u00a0<\/p>","protected":false},"excerpt":{"rendered":"<p>Potrivit unor surse politice, liberalii sunt nemul\u021bumi\u021bi din dou\u0103 motive. Unul dintre ele este sc\u0103derea&hellip;<\/p>\n","protected":false},"author":0,"featured_media":21008,"comment_status":"open","ping_status":"open","sticky":false,"template":"","format":"standard","meta":{"footnotes":""},"categories":[3],"tags":[],"class_list":["post-21007","post","type-post","status-publish","format-standard","has-post-thumbnail","hentry","category-politica"],"_links":{"self":[{"href":"https:\/\/247stiri.ro\/index.php\/wp-json\/wp\/v2\/posts\/21007","targetHints":{"allow":["GET"]}}],"collection":[{"href":"https:\/\/247stiri.ro\/index.php\/wp-json\/wp\/v2\/posts"}],"about":[{"href":"https:\/\/247stiri.ro\/index.php\/wp-json\/wp\/v2\/types\/post"}],"replies":[{"embeddable":true,"href":"https:\/\/247stiri.ro\/index.php\/wp-json\/wp\/v2\/comments?post=21007"}],"version-history":[{"count":0,"href":"https:\/\/247stiri.ro\/index.php\/wp-json\/wp\/v2\/posts\/21007\/revisions"}],"wp:featuredmedia":[{"embeddable":true,"href":"https:\/\/247stiri.ro\/index.php\/wp-json\/wp\/v2\/media\/21008"}],"wp:attachment":[{"href":"https:\/\/247stiri.ro\/index.php\/wp-json\/wp\/v2\/media?parent=21007"}],"wp:term":[{"taxonomy":"category","embeddable":true,"href":"https:\/\/247stiri.ro\/index.php\/wp-json\/wp\/v2\/categories?post=21007"},{"taxonomy":"post_tag","embeddable":true,"href":"https:\/\/247stiri.ro\/index.php\/wp-json\/wp\/v2\/tags?post=21007"}],"curies":[{"name":"wp","href":"https:\/\/api.w.org\/{rel}","templated":true}]}}