{"id":2102,"date":"2024-10-26T13:44:48","date_gmt":"2024-10-26T13:44:48","guid":{"rendered":"https:\/\/247stiri.ro\/index.php\/2024\/10\/26\/alexandru-rafila-brasovul-are-nevoie-de-un-spital-judetean-nou\/"},"modified":"2024-10-26T13:44:48","modified_gmt":"2024-10-26T13:44:48","slug":"alexandru-rafila-brasovul-are-nevoie-de-un-spital-judetean-nou","status":"publish","type":"post","link":"https:\/\/247stiri.ro\/index.php\/2024\/10\/26\/alexandru-rafila-brasovul-are-nevoie-de-un-spital-judetean-nou\/","title":{"rendered":"Alexandru Rafila: \u201eBra\u015fovul are nevoie de un spital jude\u0163ean nou\u201d"},"content":{"rendered":"<p>\u201eDac\u0103 vre\u0163i, pute\u0163i s\u0103 \u00eel numi\u0163i regional, dar nu asta este important. Actualul SJ \u2013 cu toate renov\u0103rile, dot\u0103rile, nu poate oferi condi\u0163ii suficient de bune, are peste 50 de ani \u2013 iar dimensionarea spitalului (nou \u2013 n.r.) trebuie s\u0103 \u0163in\u0103 cont de realit\u0103\u0163i, de nevoia de servicii medicale \u015fi de personalul care poate s\u0103 lucreze acolo, \u00eenc\u00e2t acest spital s\u0103 fie sustenabil din punct de vedere al serviciilor medicale pe care le ofer\u0103. Aceasta este abordarea corect\u0103 \u015fi nu facem concurs \u00een ce prive\u015fte num\u0103rul de paturi. Cred c\u0103 ceva mai mult de 500 de paturi ar fi necesare la Bra\u015fov\u201d, a punctat Rafila.<\/p>\n<p>\u201eAm venit la Spitalul Municipal S\u0103cele pentru a vedea direct progresul investi\u0163iilor \u015fi pentru a ne asigura c\u0103 infrastructura medical\u0103 r\u0103spunde nevoilor pacien\u0163ilor\u201d, a precizat ministrul, care a verificat stadiul investi\u0163iei privind extinderea, dezvoltarea \u015fi modernizarea ambulatoriului, o investi\u0163ie de 20 de milioane de lei, a mai spus Rafila.<\/p>\n<p>Conform ministrului S\u0103n\u0103t\u0103\u0163ii, pe l\u00e2ng\u0103 acest proiect, spitalul s\u0103celean mai beneficiaz\u0103 de investi\u0163ii din fonduri europene de 6 milioane de lei pentru un proiect de control al infec\u0163iilor intraspitalice\u015fti \u015fi unul de 3 milioane de lei pentru digitizare.<\/p>\n<p>Potrivit directorului spitalului, Rodica P\u00e2rvan, proiectul de extindere al ambulatoriului se afl\u0103 \u00een faza de ridicare a funda\u0163iei \u015fi urmeaz\u0103 s\u0103 fie finalizat la jum\u0103tatea anului viitor.<\/p>\n<p>Noua cl\u0103dire va g\u0103zdui un num\u0103r de \u015fase specialit\u0103\u0163i noi \u015fi, prin acest proiect, vor fi dezvoltate serviciile de interven\u0163ii chirurgicale, prin dou\u0103 s\u0103li noi de chirurgie general\u0103 \u015fi respectiv de ortopedie-traumatologie.<\/p>","protected":false},"excerpt":{"rendered":"<p>\u201eDac\u0103 vre\u0163i, pute\u0163i s\u0103 \u00eel numi\u0163i regional, dar nu asta este important. Actualul SJ \u2013&hellip;<\/p>\n","protected":false},"author":0,"featured_media":2098,"comment_status":"open","ping_status":"open","sticky":false,"template":"","format":"standard","meta":{"footnotes":""},"categories":[2],"tags":[],"class_list":["post-2102","post","type-post","status-publish","format-standard","has-post-thumbnail","hentry","category-actual"],"_links":{"self":[{"href":"https:\/\/247stiri.ro\/index.php\/wp-json\/wp\/v2\/posts\/2102","targetHints":{"allow":["GET"]}}],"collection":[{"href":"https:\/\/247stiri.ro\/index.php\/wp-json\/wp\/v2\/posts"}],"about":[{"href":"https:\/\/247stiri.ro\/index.php\/wp-json\/wp\/v2\/types\/post"}],"replies":[{"embeddable":true,"href":"https:\/\/247stiri.ro\/index.php\/wp-json\/wp\/v2\/comments?post=2102"}],"version-history":[{"count":0,"href":"https:\/\/247stiri.ro\/index.php\/wp-json\/wp\/v2\/posts\/2102\/revisions"}],"wp:featuredmedia":[{"embeddable":true,"href":"https:\/\/247stiri.ro\/index.php\/wp-json\/wp\/v2\/media\/2098"}],"wp:attachment":[{"href":"https:\/\/247stiri.ro\/index.php\/wp-json\/wp\/v2\/media?parent=2102"}],"wp:term":[{"taxonomy":"category","embeddable":true,"href":"https:\/\/247stiri.ro\/index.php\/wp-json\/wp\/v2\/categories?post=2102"},{"taxonomy":"post_tag","embeddable":true,"href":"https:\/\/247stiri.ro\/index.php\/wp-json\/wp\/v2\/tags?post=2102"}],"curies":[{"name":"wp","href":"https:\/\/api.w.org\/{rel}","templated":true}]}}