{"id":21027,"date":"2025-01-03T05:45:57","date_gmt":"2025-01-03T05:45:57","guid":{"rendered":"https:\/\/247stiri.ro\/index.php\/2025\/01\/03\/economia-mondiala-in-pragul-dezastrului-criza-loveste-si-romania-ce-ne-asteapta\/"},"modified":"2025-01-03T05:45:57","modified_gmt":"2025-01-03T05:45:57","slug":"economia-mondiala-in-pragul-dezastrului-criza-loveste-si-romania-ce-ne-asteapta","status":"publish","type":"post","link":"https:\/\/247stiri.ro\/index.php\/2025\/01\/03\/economia-mondiala-in-pragul-dezastrului-criza-loveste-si-romania-ce-ne-asteapta\/","title":{"rendered":"Economia mondial\u0103, \u00een pragul dezastrului. CRIZA love\u0219te \u0219i Rom\u00e2nia: ce ne a\u0219teapt\u0103"},"content":{"rendered":"<p>Conflictele din Ucraina \u0219i Orientul Mijlociu, blocajele politice din Germania \u0219i Fran\u021ba \u0219i incertitudinile legate de economia chinez\u0103 complic\u0103 \u0219i mai mult situa\u021bia global\u0103.\u00cen plus, revenirea lui Donald Trump la Casa Alb\u0103 ar putea aduce noi tarife pentru importuri, care ar putea s\u0103 alimenteze infla\u021bia \u0219i s\u0103 \u00eencetineasc\u0103 economia global\u0103. \u015eomajul, aflat \u00een prezent aproape de minimele istorice, ar putea cre\u015fte din nou.&#8221;Trump are foarte pu\u021bine principii fixe, practic niciunul, dar de-a lungul carierei sale publice a fost foarte interesat de tarife \u0219i crede c\u0103 comer\u021bul este un joc cu sum\u0103 zero, unde cu c\u00e2t deficitul comercial este mai mare, cu at\u00e2t situa\u021bia este mai rea. Ne putem a\u0219tepta la tarife \u0219i, desigur, la o reac\u021bie negativ\u0103 din partea partenerilor no\u0219tri comerciali, ceea ce va afecta economia mondial\u0103, \u0219i nu \u00een bine&#8221;, a declarat MONA CHAREN, jurnalist \u0219i comentator politic.De asemenea, costul daunelor climatice devine o \u00eengrijorare major\u0103 pentru multe \u021b\u0103ri, mai ales pentru cele s\u0103race. Potrivit B\u0103ncii Mondiale, \u021b\u0103rile s\u0103race sunt \u00een cea mai dificil\u0103 situa\u021bie economic\u0103 din ultimele dou\u0103 decenii. Exper\u021bii institu\u021biei spun c\u0103 economiile mai bogate trebuie s\u0103 g\u0103seasc\u0103 solu\u021bii pentru a contracara declinul puterii de cump\u0103rare \u0219i standardelor de trai din \u021b\u0103rile dezavantajate.\u00a0<\/p>","protected":false},"excerpt":{"rendered":"<p>Conflictele din Ucraina \u0219i Orientul Mijlociu, blocajele politice din Germania \u0219i Fran\u021ba \u0219i incertitudinile legate&hellip;<\/p>\n","protected":false},"author":0,"featured_media":21028,"comment_status":"open","ping_status":"open","sticky":false,"template":"","format":"standard","meta":{"footnotes":""},"categories":[2],"tags":[],"class_list":["post-21027","post","type-post","status-publish","format-standard","has-post-thumbnail","hentry","category-actual"],"_links":{"self":[{"href":"https:\/\/247stiri.ro\/index.php\/wp-json\/wp\/v2\/posts\/21027","targetHints":{"allow":["GET"]}}],"collection":[{"href":"https:\/\/247stiri.ro\/index.php\/wp-json\/wp\/v2\/posts"}],"about":[{"href":"https:\/\/247stiri.ro\/index.php\/wp-json\/wp\/v2\/types\/post"}],"replies":[{"embeddable":true,"href":"https:\/\/247stiri.ro\/index.php\/wp-json\/wp\/v2\/comments?post=21027"}],"version-history":[{"count":0,"href":"https:\/\/247stiri.ro\/index.php\/wp-json\/wp\/v2\/posts\/21027\/revisions"}],"wp:featuredmedia":[{"embeddable":true,"href":"https:\/\/247stiri.ro\/index.php\/wp-json\/wp\/v2\/media\/21028"}],"wp:attachment":[{"href":"https:\/\/247stiri.ro\/index.php\/wp-json\/wp\/v2\/media?parent=21027"}],"wp:term":[{"taxonomy":"category","embeddable":true,"href":"https:\/\/247stiri.ro\/index.php\/wp-json\/wp\/v2\/categories?post=21027"},{"taxonomy":"post_tag","embeddable":true,"href":"https:\/\/247stiri.ro\/index.php\/wp-json\/wp\/v2\/tags?post=21027"}],"curies":[{"name":"wp","href":"https:\/\/api.w.org\/{rel}","templated":true}]}}