{"id":2104,"date":"2024-10-26T13:44:49","date_gmt":"2024-10-26T13:44:49","guid":{"rendered":"https:\/\/247stiri.ro\/index.php\/2024\/10\/26\/ursula-von-der-leyen-si-a-anulat-o-intalnire-cu-premierul-serbiei-care-tocmai-se-intalnise-cu-ministrul-rus-al-dezvoltarii-economice\/"},"modified":"2024-10-26T13:44:49","modified_gmt":"2024-10-26T13:44:49","slug":"ursula-von-der-leyen-si-a-anulat-o-intalnire-cu-premierul-serbiei-care-tocmai-se-intalnise-cu-ministrul-rus-al-dezvoltarii-economice","status":"publish","type":"post","link":"https:\/\/247stiri.ro\/index.php\/2024\/10\/26\/ursula-von-der-leyen-si-a-anulat-o-intalnire-cu-premierul-serbiei-care-tocmai-se-intalnise-cu-ministrul-rus-al-dezvoltarii-economice\/","title":{"rendered":"Ursula von der Leyen \u0219i-a anulat o \u00eent\u00e2lnire cu premierul Serbiei, care tocmai se \u00eent\u00e2lnise cu ministrul rus al Dezvolt\u0103rii Economice"},"content":{"rendered":"<p>\u00cen a treia zi aunui turneu \u00een Blacanii de vest, Ursula Von der Leyen a sosit la Belgrad, din Bosnia Her\u0163egovina, \u015fi s-a \u00eent\u00e2lnit cu pre\u015fedintele s\u00e2rb Aleksand\u0103r Vucici, scrie news.ro.<\/p>\n<p>Aleksand\u0103r Vucici a decis s\u0103 nu participe, s\u0103pt\u0103m\u00e2na aceasta, la un summit BRICS \u00een Rusia &#8211; la care Serbia a fost reprezentat\u0103 de patru mini\u015ftri -, \u00een pofida faptului c\u0103 a fost invitat de c\u0103tre pre\u015fedintele rus Vladimir Putin.<\/p>\n<p>Dup\u0103 \u00eent\u00e2lnirea cu \u015feful statului s\u00e2rb,\u00a0Ursula Von der Leyen a l\u0103udat eforturile Serbiei de a desf\u0103\u015fura reforme necesare \u00een negocierile sale de aderare la UE \u015fi \u00een alegerile sale strategice.<\/p>\n<p>\u201dParteneriatul \u00eentre UE \u015fi Serbia se consolideaz\u0103\u201d, a ad\u0103ugat ea, f\u0103r\u0103 s\u0103 evoce faptul c\u0103 Serbia nu s-a aliniat sanc\u0163iunilor impuse de UE Moscovei dup\u0103 invazia Ucrainei.<\/p>","protected":false},"excerpt":{"rendered":"<p>\u00cen a treia zi aunui turneu \u00een Blacanii de vest, Ursula Von der Leyen a&hellip;<\/p>\n","protected":false},"author":0,"featured_media":2094,"comment_status":"open","ping_status":"open","sticky":false,"template":"","format":"standard","meta":{"footnotes":""},"categories":[2],"tags":[],"class_list":["post-2104","post","type-post","status-publish","format-standard","has-post-thumbnail","hentry","category-actual"],"_links":{"self":[{"href":"https:\/\/247stiri.ro\/index.php\/wp-json\/wp\/v2\/posts\/2104","targetHints":{"allow":["GET"]}}],"collection":[{"href":"https:\/\/247stiri.ro\/index.php\/wp-json\/wp\/v2\/posts"}],"about":[{"href":"https:\/\/247stiri.ro\/index.php\/wp-json\/wp\/v2\/types\/post"}],"replies":[{"embeddable":true,"href":"https:\/\/247stiri.ro\/index.php\/wp-json\/wp\/v2\/comments?post=2104"}],"version-history":[{"count":0,"href":"https:\/\/247stiri.ro\/index.php\/wp-json\/wp\/v2\/posts\/2104\/revisions"}],"wp:featuredmedia":[{"embeddable":true,"href":"https:\/\/247stiri.ro\/index.php\/wp-json\/wp\/v2\/media\/2094"}],"wp:attachment":[{"href":"https:\/\/247stiri.ro\/index.php\/wp-json\/wp\/v2\/media?parent=2104"}],"wp:term":[{"taxonomy":"category","embeddable":true,"href":"https:\/\/247stiri.ro\/index.php\/wp-json\/wp\/v2\/categories?post=2104"},{"taxonomy":"post_tag","embeddable":true,"href":"https:\/\/247stiri.ro\/index.php\/wp-json\/wp\/v2\/tags?post=2104"}],"curies":[{"name":"wp","href":"https:\/\/api.w.org\/{rel}","templated":true}]}}