{"id":21077,"date":"2025-01-03T07:45:04","date_gmt":"2025-01-03T07:45:04","guid":{"rendered":"https:\/\/247stiri.ro\/index.php\/2025\/01\/03\/fotbalul-ucrainean-a-inregistrat-200-de-morti-de-la-inceputul-invaziei-ruse\/"},"modified":"2025-01-03T07:45:04","modified_gmt":"2025-01-03T07:45:04","slug":"fotbalul-ucrainean-a-inregistrat-200-de-morti-de-la-inceputul-invaziei-ruse","status":"publish","type":"post","link":"https:\/\/247stiri.ro\/index.php\/2025\/01\/03\/fotbalul-ucrainean-a-inregistrat-200-de-morti-de-la-inceputul-invaziei-ruse\/","title":{"rendered":"Fotbalul ucrainean a \u00eenregistrat 200 de mor\u0163i de la \u00eenceputul invaziei ruse"},"content":{"rendered":"<p>Antrenor al galben-alba\u015ftrilor din 2016 p\u00e2n\u0103 \u00een 2021, fostul juc\u0103tor de la AC Milan a spus c\u0103 peste 200 de membri ai comunit\u0103\u0163ii fotbalistice au murit: \u201eSitua\u0163ia din Ucraina este extrem de dificil\u0103 din cauza r\u0103zboiului \u00een curs. Meciurile au loc sub protocoale stricte de securitate, adesea f\u0103r\u0103 spectatori \u015fi \u00een regiuni \u00een care riscul este minim.<\/p>\n<p>Am confirmat deja c\u0103 peste 200 de membri ai comunit\u0103\u0163ii fotbalistice \u015fi-au pierdut via\u0163a de la \u00eenceputul acestui r\u0103zboi de amploare. Aceasta include juc\u0103tori, antrenori \u015fi al\u0163i profesioni\u015fti din acest sport, iar num\u0103rul lor continu\u0103 s\u0103 creasc\u0103.\u201d<\/p>\n<p>Andrei Shevchenko, c\u00e2\u015ftig\u0103tor al Balonului de Aur \u00een 2004, a vorbit, de asemenea, despre importan\u0163a fotbalului pentru poporul ucrainean: \u201eCluburile \u015fi echipele noastre na\u0163ionale particip\u0103 la turnee na\u0163ionale \u015fi interna\u0163ionale. Pentru noi, fotbalul nu este doar un sport: este un simbol al speran\u0163ei \u015fi al rezisten\u0163ei. Federa\u0163ia ucrainean\u0103 de fotbal face tot posibilul s\u0103 sprijine juc\u0103torii, antrenorii \u015fi suporterii pentru a se asigura c\u0103 fotbalul prosper\u0103 chiar \u015fi \u00een aceste vremuri dificile.\u201d<\/p>","protected":false},"excerpt":{"rendered":"<p>Antrenor al galben-alba\u015ftrilor din 2016 p\u00e2n\u0103 \u00een 2021, fostul juc\u0103tor de la AC Milan a&hellip;<\/p>\n","protected":false},"author":0,"featured_media":21065,"comment_status":"open","ping_status":"open","sticky":false,"template":"","format":"standard","meta":{"footnotes":""},"categories":[2],"tags":[],"class_list":["post-21077","post","type-post","status-publish","format-standard","has-post-thumbnail","hentry","category-actual"],"_links":{"self":[{"href":"https:\/\/247stiri.ro\/index.php\/wp-json\/wp\/v2\/posts\/21077","targetHints":{"allow":["GET"]}}],"collection":[{"href":"https:\/\/247stiri.ro\/index.php\/wp-json\/wp\/v2\/posts"}],"about":[{"href":"https:\/\/247stiri.ro\/index.php\/wp-json\/wp\/v2\/types\/post"}],"replies":[{"embeddable":true,"href":"https:\/\/247stiri.ro\/index.php\/wp-json\/wp\/v2\/comments?post=21077"}],"version-history":[{"count":0,"href":"https:\/\/247stiri.ro\/index.php\/wp-json\/wp\/v2\/posts\/21077\/revisions"}],"wp:featuredmedia":[{"embeddable":true,"href":"https:\/\/247stiri.ro\/index.php\/wp-json\/wp\/v2\/media\/21065"}],"wp:attachment":[{"href":"https:\/\/247stiri.ro\/index.php\/wp-json\/wp\/v2\/media?parent=21077"}],"wp:term":[{"taxonomy":"category","embeddable":true,"href":"https:\/\/247stiri.ro\/index.php\/wp-json\/wp\/v2\/categories?post=21077"},{"taxonomy":"post_tag","embeddable":true,"href":"https:\/\/247stiri.ro\/index.php\/wp-json\/wp\/v2\/tags?post=21077"}],"curies":[{"name":"wp","href":"https:\/\/api.w.org\/{rel}","templated":true}]}}