{"id":21079,"date":"2025-01-03T07:45:04","date_gmt":"2025-01-03T07:45:04","guid":{"rendered":"https:\/\/247stiri.ro\/index.php\/2025\/01\/03\/prapad-pe-o-strada-din-alba-iulia-un-tanar-drogat-a-vandalizat-mai-multe-masini-camerele-video-au-surprins-momentul-imagini\/"},"modified":"2025-01-03T07:45:04","modified_gmt":"2025-01-03T07:45:04","slug":"prapad-pe-o-strada-din-alba-iulia-un-tanar-drogat-a-vandalizat-mai-multe-masini-camerele-video-au-surprins-momentul-imagini","status":"publish","type":"post","link":"https:\/\/247stiri.ro\/index.php\/2025\/01\/03\/prapad-pe-o-strada-din-alba-iulia-un-tanar-drogat-a-vandalizat-mai-multe-masini-camerele-video-au-surprins-momentul-imagini\/","title":{"rendered":"Pr\u0103p\u0103d pe o strad\u0103 din Alba Iulia. Un t\u00e2n\u0103r DROGAT a vandalizat mai multe ma\u0219ini: camerele video au surprins momentul &#8211; IMAGINI"},"content":{"rendered":"<p>Un t\u00e2n\u0103r a vandalizat, joi seara, mai multe ma\u0219ini parcate \u00een zona str\u0103zii \u0218tefan cel Mare, din Alba Iulia. Acesta a fost surprins de o camer\u0103 de supraveghere \u00een timp ce distruge cu piciorul oglinda unui autovehicul.\u00a0<\/p>\n<p><a href=\"https:\/\/www.realitatea.net\/stiri\/actual\/zeci-de-masini-au-fost-vandalizate-intro-singura-noapte-la-clujnapoca_674ff63b67158b0965699a53\" target=\"_blank\">Zeci de ma\u0219ini au fost vandalizate, \u00eentr-o singur\u0103 noapte, la Cluj-Napoca<\/a><\/p>\n<p>Nu mai pu\u021bin de 15 ma\u0219ini au c\u0103zut prad\u0103 furiei b\u0103rbatului, care le-a lovit cu pumnii \u0219i picioarele.<\/p>\n\n<p>Alarma\u021bi de zgomotele f\u0103cute, localnicii au sunat la num\u0103rul de urgen\u021b\u0103 112, scrie <a href=\"https:\/\/alba24.ro\/video-stirea-ta-prapad-pe-o-strada-din-alba-iulia-un-tanar-a-vandalizat-mai-multe-masini-parcate-1063068.html\" target=\"_blank\">alba24.ro<\/a>.<\/p>\n\n<p>\u00cen scurt timp, un echipaj de poli\u021bie \u0219i jandarmerie l-a identificat pe autorul distrugerilor.<\/p>","protected":false},"excerpt":{"rendered":"<p>Un t\u00e2n\u0103r a vandalizat, joi seara, mai multe ma\u0219ini parcate \u00een zona str\u0103zii \u0218tefan cel&hellip;<\/p>\n","protected":false},"author":0,"featured_media":21080,"comment_status":"open","ping_status":"open","sticky":false,"template":"","format":"standard","meta":{"footnotes":""},"categories":[2],"tags":[],"class_list":["post-21079","post","type-post","status-publish","format-standard","has-post-thumbnail","hentry","category-actual"],"_links":{"self":[{"href":"https:\/\/247stiri.ro\/index.php\/wp-json\/wp\/v2\/posts\/21079","targetHints":{"allow":["GET"]}}],"collection":[{"href":"https:\/\/247stiri.ro\/index.php\/wp-json\/wp\/v2\/posts"}],"about":[{"href":"https:\/\/247stiri.ro\/index.php\/wp-json\/wp\/v2\/types\/post"}],"replies":[{"embeddable":true,"href":"https:\/\/247stiri.ro\/index.php\/wp-json\/wp\/v2\/comments?post=21079"}],"version-history":[{"count":0,"href":"https:\/\/247stiri.ro\/index.php\/wp-json\/wp\/v2\/posts\/21079\/revisions"}],"wp:featuredmedia":[{"embeddable":true,"href":"https:\/\/247stiri.ro\/index.php\/wp-json\/wp\/v2\/media\/21080"}],"wp:attachment":[{"href":"https:\/\/247stiri.ro\/index.php\/wp-json\/wp\/v2\/media?parent=21079"}],"wp:term":[{"taxonomy":"category","embeddable":true,"href":"https:\/\/247stiri.ro\/index.php\/wp-json\/wp\/v2\/categories?post=21079"},{"taxonomy":"post_tag","embeddable":true,"href":"https:\/\/247stiri.ro\/index.php\/wp-json\/wp\/v2\/tags?post=21079"}],"curies":[{"name":"wp","href":"https:\/\/api.w.org\/{rel}","templated":true}]}}