{"id":21096,"date":"2025-01-03T08:45:19","date_gmt":"2025-01-03T08:45:19","guid":{"rendered":"https:\/\/247stiri.ro\/index.php\/2025\/01\/03\/guvernul-ar-putea-fi-obligat-sa-reia-turul-2-al-alegerilor-prezidentiale-decizia-cedo-mai-rapida-decat-cea-a-instantei-supreme-surse\/"},"modified":"2025-01-03T08:45:19","modified_gmt":"2025-01-03T08:45:19","slug":"guvernul-ar-putea-fi-obligat-sa-reia-turul-2-al-alegerilor-prezidentiale-decizia-cedo-mai-rapida-decat-cea-a-instantei-supreme-surse","status":"publish","type":"post","link":"https:\/\/247stiri.ro\/index.php\/2025\/01\/03\/guvernul-ar-putea-fi-obligat-sa-reia-turul-2-al-alegerilor-prezidentiale-decizia-cedo-mai-rapida-decat-cea-a-instantei-supreme-surse\/","title":{"rendered":"Guvernul ar putea fi obligat s\u0103 REIA turul 2 al alegerilor preziden\u021biale! Decizia CEDO, mai rapid\u0103 dec\u00e2t cea a Instan\u021bei Supreme &#8211; SURSE"},"content":{"rendered":"<p>Decizia lui C\u0103lin Georgescu vine \u00een contextul \u00een care judec\u0103torii de la Curtea de Apel Bucure\u0219ti i-au respins, mar\u021bea trecut\u0103, cererea prin care a contestat trei decizii ale Biroului Electoral Central.<\/p>\n<p><a href=\"https:\/\/www.realitatea.net\/stiri\/actual\/avocatii-lui-calin-georgescu-pregatesc-riposta-noi-actiuni-in-instanta_677790567cf0297e822f3a46\" target=\"_blank\">Avoca\u021bii lui C\u0103lin Georgescu preg\u0103tesc RIPOSTA: noi ac\u021biuni \u00een instan\u021b\u0103. Ce strategie au ap\u0103r\u0103torii pre\u0219edintelui ales<\/a><\/p>\n<p>Suspendarea efectelor luate de CCR de anulare a alegerilor p\u00e2n\u0103 la solu\u021bionarea cauzei este prima cerin\u021b\u0103 pe care au formulat-o \u00een documentul trimis la CEDO. Urmeaz\u0103 apoi obligarea Guvernului Rom\u00e2niei s\u0103 reia procesul alegerilor \u0219i s\u0103 respecte rezultatele din turul 1. De asemenea, \u00een acest document este trecut\u0103 \u0219i obligarea statului rom\u00e2n s\u0103 ia m\u0103suri pentru remedierea prejudiciilor morale \u0219i democratice.\u00a0<\/p>\n<p>Toate aceste cerin\u021be vor ajunge pa masa Cur\u021bii Europene a Drepturilor Omului, care ar putea da un verdicit mai repede dec\u00e2t cea a judec\u0103torilor de la \u00cenalta Curte de Casa\u021bie \u0219i Justi\u021bie.\u00a0<\/p>\n<p>\u00a0<\/p>","protected":false},"excerpt":{"rendered":"<p>Decizia lui C\u0103lin Georgescu vine \u00een contextul \u00een care judec\u0103torii de la Curtea de Apel&hellip;<\/p>\n","protected":false},"author":0,"featured_media":21090,"comment_status":"open","ping_status":"open","sticky":false,"template":"","format":"standard","meta":{"footnotes":""},"categories":[2],"tags":[],"class_list":["post-21096","post","type-post","status-publish","format-standard","has-post-thumbnail","hentry","category-actual"],"_links":{"self":[{"href":"https:\/\/247stiri.ro\/index.php\/wp-json\/wp\/v2\/posts\/21096","targetHints":{"allow":["GET"]}}],"collection":[{"href":"https:\/\/247stiri.ro\/index.php\/wp-json\/wp\/v2\/posts"}],"about":[{"href":"https:\/\/247stiri.ro\/index.php\/wp-json\/wp\/v2\/types\/post"}],"replies":[{"embeddable":true,"href":"https:\/\/247stiri.ro\/index.php\/wp-json\/wp\/v2\/comments?post=21096"}],"version-history":[{"count":0,"href":"https:\/\/247stiri.ro\/index.php\/wp-json\/wp\/v2\/posts\/21096\/revisions"}],"wp:featuredmedia":[{"embeddable":true,"href":"https:\/\/247stiri.ro\/index.php\/wp-json\/wp\/v2\/media\/21090"}],"wp:attachment":[{"href":"https:\/\/247stiri.ro\/index.php\/wp-json\/wp\/v2\/media?parent=21096"}],"wp:term":[{"taxonomy":"category","embeddable":true,"href":"https:\/\/247stiri.ro\/index.php\/wp-json\/wp\/v2\/categories?post=21096"},{"taxonomy":"post_tag","embeddable":true,"href":"https:\/\/247stiri.ro\/index.php\/wp-json\/wp\/v2\/tags?post=21096"}],"curies":[{"name":"wp","href":"https:\/\/api.w.org\/{rel}","templated":true}]}}