{"id":21119,"date":"2025-01-03T09:46:02","date_gmt":"2025-01-03T09:46:02","guid":{"rendered":"https:\/\/247stiri.ro\/index.php\/2025\/01\/03\/alerta-de-securitate-la-berlin-doi-politisti-raniti-dintre-care-unul-grav-dupa-o-explozie-in-fata-unei-sectii-de-politie\/"},"modified":"2025-01-03T09:46:02","modified_gmt":"2025-01-03T09:46:02","slug":"alerta-de-securitate-la-berlin-doi-politisti-raniti-dintre-care-unul-grav-dupa-o-explozie-in-fata-unei-sectii-de-politie","status":"publish","type":"post","link":"https:\/\/247stiri.ro\/index.php\/2025\/01\/03\/alerta-de-securitate-la-berlin-doi-politisti-raniti-dintre-care-unul-grav-dupa-o-explozie-in-fata-unei-sectii-de-politie\/","title":{"rendered":"Alert\u0103 de securitate la Berlin! Doi poli\u021bi\u0219ti r\u0103ni\u0163i, dintre care unul grav, dup\u0103 o EXPLOZIE \u00een fa\u021ba unei sec\u021bii de poli\u021bie"},"content":{"rendered":"<p>\u201e\u00cen seara aceasta, \u00een jurul orei (locale) 20:20, un grav incident de securitate s-a produs la nivelul gardului\u201d acestei cl\u0103diri din cartierul Wittenau, \u00een nordul Berlinului, \u00een timpul c\u0103ruia o agent\u0103 \u015fi un agent au fost r\u0103ni\u0163i, a anun\u0163at poli\u0163ia pe platforma X.<\/p>\n<p>\u201ePotrivit primelor investiga\u0163ii, un obiect \u00eenc\u0103 neidentificat a explodat, cauz\u00e2ndu-i agentului r\u0103ni grave la fa\u0163\u0103 \u015fi la ochi\u201d, a mai informat poli\u0163ia.<\/p>\n<p>La r\u00e2ndul ei, poli\u0163ista a fost victima unui \u201etraumatism sonor\u201d. Ambii primesc \u00een prezent \u00eengrijiri medicale, iar o anchet\u0103 a fost deschis\u0103 pentru a stabili cauzele exploziei.<\/p>\n<p>Acest incident survine dup\u0103 noaptea de Anul Nou, \u00een timpul c\u0103reia 30 de agen\u0163i ai for\u0163elor de ordine germane au fost r\u0103ni\u0163i, dintre care unul grav. Acesta din urm\u0103 a fost lovit de un foc de artificii de fabrica\u0163ie ilegal\u0103.<\/p>\n<p>Totodat\u0103, autorit\u0103\u021bile au anun\u021bat c\u0103 cinci persoane au murit accidental \u00een timpul nop\u0163ii dintre ani \u00een Germania, aprinz\u00e2nd focuri de artificii puternice, \u015fi circa 400 de persoane au fost arestate \u00een capitala german\u0103.<\/p>","protected":false},"excerpt":{"rendered":"<p>\u201e\u00cen seara aceasta, \u00een jurul orei (locale) 20:20, un grav incident de securitate s-a produs&hellip;<\/p>\n","protected":false},"author":0,"featured_media":21113,"comment_status":"open","ping_status":"open","sticky":false,"template":"","format":"standard","meta":{"footnotes":""},"categories":[2],"tags":[],"class_list":["post-21119","post","type-post","status-publish","format-standard","has-post-thumbnail","hentry","category-actual"],"_links":{"self":[{"href":"https:\/\/247stiri.ro\/index.php\/wp-json\/wp\/v2\/posts\/21119","targetHints":{"allow":["GET"]}}],"collection":[{"href":"https:\/\/247stiri.ro\/index.php\/wp-json\/wp\/v2\/posts"}],"about":[{"href":"https:\/\/247stiri.ro\/index.php\/wp-json\/wp\/v2\/types\/post"}],"replies":[{"embeddable":true,"href":"https:\/\/247stiri.ro\/index.php\/wp-json\/wp\/v2\/comments?post=21119"}],"version-history":[{"count":0,"href":"https:\/\/247stiri.ro\/index.php\/wp-json\/wp\/v2\/posts\/21119\/revisions"}],"wp:featuredmedia":[{"embeddable":true,"href":"https:\/\/247stiri.ro\/index.php\/wp-json\/wp\/v2\/media\/21113"}],"wp:attachment":[{"href":"https:\/\/247stiri.ro\/index.php\/wp-json\/wp\/v2\/media?parent=21119"}],"wp:term":[{"taxonomy":"category","embeddable":true,"href":"https:\/\/247stiri.ro\/index.php\/wp-json\/wp\/v2\/categories?post=21119"},{"taxonomy":"post_tag","embeddable":true,"href":"https:\/\/247stiri.ro\/index.php\/wp-json\/wp\/v2\/tags?post=21119"}],"curies":[{"name":"wp","href":"https:\/\/api.w.org\/{rel}","templated":true}]}}