{"id":21132,"date":"2025-01-03T10:47:01","date_gmt":"2025-01-03T10:47:01","guid":{"rendered":"https:\/\/247stiri.ro\/index.php\/2025\/01\/03\/elevii-se-intorc-in-banci-pe-8-ianuarie-cand-este-programata-urmatoarea-vacanta-a-copiilor-multi-sunt-deja-cu-gandul-la-ea\/"},"modified":"2025-01-03T10:47:01","modified_gmt":"2025-01-03T10:47:01","slug":"elevii-se-intorc-in-banci-pe-8-ianuarie-cand-este-programata-urmatoarea-vacanta-a-copiilor-multi-sunt-deja-cu-gandul-la-ea","status":"publish","type":"post","link":"https:\/\/247stiri.ro\/index.php\/2025\/01\/03\/elevii-se-intorc-in-banci-pe-8-ianuarie-cand-este-programata-urmatoarea-vacanta-a-copiilor-multi-sunt-deja-cu-gandul-la-ea\/","title":{"rendered":"Elevii se \u00eentorc \u00een b\u0103nci pe 8 ianuarie. C\u00e2nd este programat\u0103 urm\u0103toarea vacan\u021b\u0103 a copiilor: mul\u021bi sunt deja cu g\u00e2ndul la ea"},"content":{"rendered":"<p>Potrivit calendarului aprobat de Ministerul Educa\u0163iei, urm\u0103toarea vacan\u0163\u0103 va dura o s\u0103pt\u0103m\u00e2n\u0103 \u015fi va avea loc \u00een perioada 10 februarie &#8211; 2 martie, dup\u0103 cum vor decide Inspectoratele \u015fcolare jude\u0163ene \u015fi cel al municipiului Bucure\u015fti.<\/p>\n<p>Cursurile se vor desf\u0103\u015fura apoi p\u00e2n\u0103 la vacan\u0163a de Pa\u015fti, care este programat\u0103 din 18 aprilie p\u00e2n\u0103 pe 27 aprilie.<\/p>\n<p>Anul \u015fcolar 2024 &#8211; 2025 se va \u00eencheia pe 20 iunie, c\u00e2nd va \u00eencepe vacan\u0163a de var\u0103, care se va \u00eencheia pe 7 septembrie.<\/p>\n<p>Programul na\u0163ional &#8222;\u015ecoala altfel&#8221; \u015fi Programul &#8222;S\u0103pt\u0103m\u00e2na verde&#8221; se desf\u0103\u015foar\u0103 \u00een perioada 9 septembrie 2024 &#8211; 30 mai 2025, \u00een intervale de c\u00e2te cinci zile consecutive lucr\u0103toare, a c\u0103ror planificare se afl\u0103 la decizia unit\u0103\u0163ii de \u00eenv\u0103\u0163\u0103m\u00e2nt. Derularea celor dou\u0103 programe se planific\u0103 \u00een intervale de cursuri diferite.<\/p>\n<p>\u00cen situa\u0163ii deosebite, bine fundamentate, \u00een func\u0163ie de condi\u0163iile climaterice locale speciale \u015fi de specificul \u015fcolii, Inspectoratele \u015fcolare pot aproba, cu avizul Ministerului Educa\u0163iei, la cererea conducerii unit\u0103\u0163ilor de \u00eenv\u0103\u0163\u0103m\u00e2nt, modific\u0103ri ale structurii anului \u015fcolar.<\/p>\n<p>Aprobarea modific\u0103rii structurii anului \u015fcolar se acord\u0103 \u00een condi\u0163iile asigur\u0103rii parcurgerii integrale a programei \u015fcolare, precum \u015fi a posibilit\u0103\u0163ii ca to\u0163i elevii s\u0103 participe, f\u0103r\u0103 restric\u0163ii, la examenele \u015fi evalu\u0103rile na\u0163ionale<\/p>","protected":false},"excerpt":{"rendered":"<p>Potrivit calendarului aprobat de Ministerul Educa\u0163iei, urm\u0103toarea vacan\u0163\u0103 va dura o s\u0103pt\u0103m\u00e2n\u0103 \u015fi va avea&hellip;<\/p>\n","protected":false},"author":0,"featured_media":21133,"comment_status":"open","ping_status":"open","sticky":false,"template":"","format":"standard","meta":{"footnotes":""},"categories":[2],"tags":[],"class_list":["post-21132","post","type-post","status-publish","format-standard","has-post-thumbnail","hentry","category-actual"],"_links":{"self":[{"href":"https:\/\/247stiri.ro\/index.php\/wp-json\/wp\/v2\/posts\/21132","targetHints":{"allow":["GET"]}}],"collection":[{"href":"https:\/\/247stiri.ro\/index.php\/wp-json\/wp\/v2\/posts"}],"about":[{"href":"https:\/\/247stiri.ro\/index.php\/wp-json\/wp\/v2\/types\/post"}],"replies":[{"embeddable":true,"href":"https:\/\/247stiri.ro\/index.php\/wp-json\/wp\/v2\/comments?post=21132"}],"version-history":[{"count":0,"href":"https:\/\/247stiri.ro\/index.php\/wp-json\/wp\/v2\/posts\/21132\/revisions"}],"wp:featuredmedia":[{"embeddable":true,"href":"https:\/\/247stiri.ro\/index.php\/wp-json\/wp\/v2\/media\/21133"}],"wp:attachment":[{"href":"https:\/\/247stiri.ro\/index.php\/wp-json\/wp\/v2\/media?parent=21132"}],"wp:term":[{"taxonomy":"category","embeddable":true,"href":"https:\/\/247stiri.ro\/index.php\/wp-json\/wp\/v2\/categories?post=21132"},{"taxonomy":"post_tag","embeddable":true,"href":"https:\/\/247stiri.ro\/index.php\/wp-json\/wp\/v2\/tags?post=21132"}],"curies":[{"name":"wp","href":"https:\/\/api.w.org\/{rel}","templated":true}]}}