{"id":21158,"date":"2025-01-03T11:48:12","date_gmt":"2025-01-03T11:48:12","guid":{"rendered":"https:\/\/247stiri.ro\/index.php\/2025\/01\/03\/david-popovici-agresat-de-prima-lui-antrenoare-ma-jignea-si-ma-tragea-de-par\/"},"modified":"2025-01-03T11:48:12","modified_gmt":"2025-01-03T11:48:12","slug":"david-popovici-agresat-de-prima-lui-antrenoare-ma-jignea-si-ma-tragea-de-par","status":"publish","type":"post","link":"https:\/\/247stiri.ro\/index.php\/2025\/01\/03\/david-popovici-agresat-de-prima-lui-antrenoare-ma-jignea-si-ma-tragea-de-par\/","title":{"rendered":"David Popovici, agresat de prima lui antrenoare: \u201eM\u0103 jignea \u0219i m\u0103 tr\u0103gea de p\u0103r\u201d"},"content":{"rendered":"<p>\u201dAm ajuns \u00eent\u00e2mpl\u0103tor s\u0103 \u00eel cunosc pe cel care \u00eenc\u0103 mi-e antrenor (n.r. Adrian R\u0103dulescu). L-am cunoscut c\u00e2nd aveam 9 ani. Am avut \u015fansa s\u0103 am ni\u015fte profesori care s\u0103 m\u0103 \u00een\u0163eleag\u0103 \u015fi s\u0103 m\u0103 sus\u0163in\u0103 \u00een hobby-ul meu, care este sportul.<\/p>\n<p>M-am \u00eent\u00e2lnit cu to\u0163i oamenii ace\u015ftia frumo\u015fi pe care \u00eei am \u00een jurul meu care m-au ajutat s\u0103 devin omul \u015fi sportivul care sunt ast\u0103zi. C\u00e2nd vorbesc despre \u015fansa mea, la asta m\u0103 refer. C\u00e2nd eram \u00een clasa \u00eent\u0103i am vrut s\u0103 plec de la \u015fcoala unde \u00eenv\u0103\u021bam \u015fi unde \u00eenotam. Am vrut s\u0103 plec pentru c\u0103 antrenoarea m\u0103 jignea \u0219i m\u0103 tr\u0103gea de p\u0103r!<\/p>\n<p>Numai c\u0103, plec\u00e2nd de acolo, am ajuns s\u0103 \u00eel cunosc pe antrenorul meu de acum, domnul Adi cum \u00eei spunem noi. \u015eansa mea s-a manifestat ciudat, ca \u00een via\u0163a fiec\u0103ruia. La mine s-au unit ni\u015fte chestii frumoase \u015fi a ie\u015fit ceva mi\u015fto.<\/p>\n<p>Un an \u015fi ceva am fost cu antrenoarea aceea, p\u00e2n\u0103 c\u00e2nd le-am povestit alor mei acas\u0103 \u015fi \u015fi-au dat seama c\u0103 nu e ok. Am avut \u015fi \u015fansa s\u0103 am ni\u015fte p\u0103rin\u0163i s\u0103n\u0103to\u015fi la cap \u015fi c\u00e2nd au auzit de a\u015fa ceva au zis \u2018Ok, trebuie s\u0103 schimb\u0103m \u015fcoala. Vrei s\u0103 faci \u015fi \u00eenot \u00een continuare? Trebuie s\u0103 schimb\u0103m \u015fi clubul!\u2019\u201d, a declarat David Popovici, potrivit M.C.N. Podcast.<\/p>","protected":false},"excerpt":{"rendered":"<p>\u201dAm ajuns \u00eent\u00e2mpl\u0103tor s\u0103 \u00eel cunosc pe cel care \u00eenc\u0103 mi-e antrenor (n.r. Adrian R\u0103dulescu).&hellip;<\/p>\n","protected":false},"author":0,"featured_media":21148,"comment_status":"open","ping_status":"open","sticky":false,"template":"","format":"standard","meta":{"footnotes":""},"categories":[2],"tags":[],"class_list":["post-21158","post","type-post","status-publish","format-standard","has-post-thumbnail","hentry","category-actual"],"_links":{"self":[{"href":"https:\/\/247stiri.ro\/index.php\/wp-json\/wp\/v2\/posts\/21158","targetHints":{"allow":["GET"]}}],"collection":[{"href":"https:\/\/247stiri.ro\/index.php\/wp-json\/wp\/v2\/posts"}],"about":[{"href":"https:\/\/247stiri.ro\/index.php\/wp-json\/wp\/v2\/types\/post"}],"replies":[{"embeddable":true,"href":"https:\/\/247stiri.ro\/index.php\/wp-json\/wp\/v2\/comments?post=21158"}],"version-history":[{"count":0,"href":"https:\/\/247stiri.ro\/index.php\/wp-json\/wp\/v2\/posts\/21158\/revisions"}],"wp:featuredmedia":[{"embeddable":true,"href":"https:\/\/247stiri.ro\/index.php\/wp-json\/wp\/v2\/media\/21148"}],"wp:attachment":[{"href":"https:\/\/247stiri.ro\/index.php\/wp-json\/wp\/v2\/media?parent=21158"}],"wp:term":[{"taxonomy":"category","embeddable":true,"href":"https:\/\/247stiri.ro\/index.php\/wp-json\/wp\/v2\/categories?post=21158"},{"taxonomy":"post_tag","embeddable":true,"href":"https:\/\/247stiri.ro\/index.php\/wp-json\/wp\/v2\/tags?post=21158"}],"curies":[{"name":"wp","href":"https:\/\/api.w.org\/{rel}","templated":true}]}}