{"id":21159,"date":"2025-01-03T11:48:12","date_gmt":"2025-01-03T11:48:12","guid":{"rendered":"https:\/\/247stiri.ro\/index.php\/2025\/01\/03\/florin-calinescu-revoltat-de-politicienii-din-romania-dupa-35-de-ani-se-calca-totul-in-picioare\/"},"modified":"2025-01-03T11:48:12","modified_gmt":"2025-01-03T11:48:12","slug":"florin-calinescu-revoltat-de-politicienii-din-romania-dupa-35-de-ani-se-calca-totul-in-picioare","status":"publish","type":"post","link":"https:\/\/247stiri.ro\/index.php\/2025\/01\/03\/florin-calinescu-revoltat-de-politicienii-din-romania-dupa-35-de-ani-se-calca-totul-in-picioare\/","title":{"rendered":"Florin C\u0103linescu, revoltat de politicienii din Rom\u00e2nia: \u201eDup\u0103 35 de ani se calc\u0103 totul \u00een picioare\u201d"},"content":{"rendered":"<p>Florin C\u0103linescu este extrem revoltat de situa\u021bia actual\u0103 politic\u0103 din Rom\u00e2nia:<\/p>\n<p>\u201eCu siguran\u021b\u0103 pe netrebnicii \u0103\u0219tia din politic\u0103 mi-a\u0219 dori, profesional, s\u0103-i anchetez. Ce se \u00eent\u00e2mpl\u0103 azi e ridicol. Bunicul meu, care era jandarm, avea o vorb\u0103: Treaba ho\u021bilor e s\u0103 fure, treaba jandarmilor e s\u0103-i prind\u0103. Niciodat\u0103 nu mi-am \u00eenchipuit c\u0103 o s\u0103 ajungem, dup\u0103 35 de ani, la aceast\u0103 nemernicie de azi, \u00een care se calc\u0103 totul, totul \u00een picioare: constitu\u021bie, alegeri, votul cet\u0103\u021benilor. Mai trec c\u00e2teva minute pe la pu\u0219c\u0103rie unii \u0219i tot a\u0219a. Este inadmisibil c\u0103 \u00een 35 de ani ni\u0219te s\u0103r\u0103ntoci vai de capul lor vin, suport\u0103 c\u00e2teva critici, \u00eentorc banii din buzunarele noastre \u00een ale lor, mai dau prin pres\u0103, pe la televiziuni, bani mul\u021bi, ca s\u0103-i ocoleasc\u0103 u\u0219or.<\/p>\n<p>Este absolut de pu\u0219c\u0103rie faptul c\u0103 un cet\u0103\u021bean care \u00eenc\u0103 se mai odihne\u0219te la Cotroceni \u00eencalc\u0103 \u00een form\u0103 continuat\u0103 Constitu\u021bia, anuleaz\u0103 alegerile, c\u0103 vrea el s\u0103 fie pre\u0219edinte p\u00e2n\u0103 c\u00e2nd vrea el, zi de var\u0103 p\u00e2n\u0103-n sear\u0103 \u0219i tot a\u0219a. Se pun guverne, se pune prim-ministru, cine-o fi pre\u0219edinte \u00een prim\u0103var\u0103, \u00een var\u0103 vine s\u0103 ude panselu\u021bele la Cotroceni, c\u0103 toate celelalte \u201etrebu\u0219oare\u201d le-au \u201erezolvat\u201d b\u0103ie\u021bii de\u0219tep\u021bi.\u201d, a declarat Florin C\u0103linescu.<\/p>","protected":false},"excerpt":{"rendered":"<p>Florin C\u0103linescu este extrem revoltat de situa\u021bia actual\u0103 politic\u0103 din Rom\u00e2nia: \u201eCu siguran\u021b\u0103 pe netrebnicii&hellip;<\/p>\n","protected":false},"author":0,"featured_media":21160,"comment_status":"open","ping_status":"open","sticky":false,"template":"","format":"standard","meta":{"footnotes":""},"categories":[2],"tags":[],"class_list":["post-21159","post","type-post","status-publish","format-standard","has-post-thumbnail","hentry","category-actual"],"_links":{"self":[{"href":"https:\/\/247stiri.ro\/index.php\/wp-json\/wp\/v2\/posts\/21159","targetHints":{"allow":["GET"]}}],"collection":[{"href":"https:\/\/247stiri.ro\/index.php\/wp-json\/wp\/v2\/posts"}],"about":[{"href":"https:\/\/247stiri.ro\/index.php\/wp-json\/wp\/v2\/types\/post"}],"replies":[{"embeddable":true,"href":"https:\/\/247stiri.ro\/index.php\/wp-json\/wp\/v2\/comments?post=21159"}],"version-history":[{"count":0,"href":"https:\/\/247stiri.ro\/index.php\/wp-json\/wp\/v2\/posts\/21159\/revisions"}],"wp:featuredmedia":[{"embeddable":true,"href":"https:\/\/247stiri.ro\/index.php\/wp-json\/wp\/v2\/media\/21160"}],"wp:attachment":[{"href":"https:\/\/247stiri.ro\/index.php\/wp-json\/wp\/v2\/media?parent=21159"}],"wp:term":[{"taxonomy":"category","embeddable":true,"href":"https:\/\/247stiri.ro\/index.php\/wp-json\/wp\/v2\/categories?post=21159"},{"taxonomy":"post_tag","embeddable":true,"href":"https:\/\/247stiri.ro\/index.php\/wp-json\/wp\/v2\/tags?post=21159"}],"curies":[{"name":"wp","href":"https:\/\/api.w.org\/{rel}","templated":true}]}}