{"id":21169,"date":"2025-01-03T12:45:22","date_gmt":"2025-01-03T12:45:22","guid":{"rendered":"https:\/\/247stiri.ro\/index.php\/2025\/01\/03\/barbat-suspect-de-furtul-unei-masini-din-parcarea-uneui-supermarket-din-tecuci-oprit-de-politisti-cu-sistemul-spike-video\/"},"modified":"2025-01-03T12:45:22","modified_gmt":"2025-01-03T12:45:22","slug":"barbat-suspect-de-furtul-unei-masini-din-parcarea-uneui-supermarket-din-tecuci-oprit-de-politisti-cu-sistemul-spike-video","status":"publish","type":"post","link":"https:\/\/247stiri.ro\/index.php\/2025\/01\/03\/barbat-suspect-de-furtul-unei-masini-din-parcarea-uneui-supermarket-din-tecuci-oprit-de-politisti-cu-sistemul-spike-video\/","title":{"rendered":"B\u0103rbat suspect de furtul unei ma\u0219ini din parcarea uneui supermarket din Tecuci, OPRIT de poli\u0163i\u015fti cu sistemul Spike  VIDEO"},"content":{"rendered":"<p>&#8222;La data de 3 ianuarie 2025, \u00een jurul orei 10,30, Inspectoratul de Poli\u0163ie Jude\u0163ean Gala\u0163i a fost sesizat telefonic, prin apel 112, cu privire la faptul c\u0103 un autoturism, l\u0103sat cu motorul pornit, a fost furat din parcarea unui supermarket de pe strada 1 Decembrie 1918, din municipiul Tecuci, jude\u0163ul Gala\u0163i. \u00cen acest context, au fost instituite filtre rutiere pentru identificarea autoturismului \u00een cauz\u0103&#8221;, a transmis Poli\u021bia Rom\u00e2n\u0103.<\/p>\n<p>Autoturismul a fost depistat de c\u0103tre poli\u0163i\u015ftii Sec\u0163iei 3 Poli\u0163ie Lie\u015fti &#8211; Post Poli\u0163ie Grivi\u0163a, \u00een jurul orei 12,20, \u00een timp ce se deplasa pe un drum din localitatea Grivi\u0163a.<\/p>\n<p>&#8222;\u00centruc\u00e2t conduc\u0103torul auto nu s-a conformat semnalelor poli\u0163i\u015ftilor de a opri, ace\u015ftia au folosit sistemul Spike (complet de blocare a trecerii autovehiculelor &#8211; benzi de cuie)&#8221;, precizeaz\u0103 IGPR.<\/p>\n\n<p>\u015eoferul aflat la volan, un b\u0103rbat, de 31 de ani, din municipiul Tecuci, a fost imobilizat \u015fi condus la sediul unit\u0103\u0163ii de poli\u0163ie, pentru continuarea cercet\u0103rilor, sub aspectul s\u0103v\u00e2r\u015firii infrac\u0163iunii de furt.<\/p>","protected":false},"excerpt":{"rendered":"<p>&#8222;La data de 3 ianuarie 2025, \u00een jurul orei 10,30, Inspectoratul de Poli\u0163ie Jude\u0163ean Gala\u0163i&hellip;<\/p>\n","protected":false},"author":0,"featured_media":21170,"comment_status":"open","ping_status":"open","sticky":false,"template":"","format":"standard","meta":{"footnotes":""},"categories":[2],"tags":[],"class_list":["post-21169","post","type-post","status-publish","format-standard","has-post-thumbnail","hentry","category-actual"],"_links":{"self":[{"href":"https:\/\/247stiri.ro\/index.php\/wp-json\/wp\/v2\/posts\/21169","targetHints":{"allow":["GET"]}}],"collection":[{"href":"https:\/\/247stiri.ro\/index.php\/wp-json\/wp\/v2\/posts"}],"about":[{"href":"https:\/\/247stiri.ro\/index.php\/wp-json\/wp\/v2\/types\/post"}],"replies":[{"embeddable":true,"href":"https:\/\/247stiri.ro\/index.php\/wp-json\/wp\/v2\/comments?post=21169"}],"version-history":[{"count":0,"href":"https:\/\/247stiri.ro\/index.php\/wp-json\/wp\/v2\/posts\/21169\/revisions"}],"wp:featuredmedia":[{"embeddable":true,"href":"https:\/\/247stiri.ro\/index.php\/wp-json\/wp\/v2\/media\/21170"}],"wp:attachment":[{"href":"https:\/\/247stiri.ro\/index.php\/wp-json\/wp\/v2\/media?parent=21169"}],"wp:term":[{"taxonomy":"category","embeddable":true,"href":"https:\/\/247stiri.ro\/index.php\/wp-json\/wp\/v2\/categories?post=21169"},{"taxonomy":"post_tag","embeddable":true,"href":"https:\/\/247stiri.ro\/index.php\/wp-json\/wp\/v2\/tags?post=21169"}],"curies":[{"name":"wp","href":"https:\/\/api.w.org\/{rel}","templated":true}]}}