{"id":2117,"date":"2024-10-26T14:44:49","date_gmt":"2024-10-26T14:44:49","guid":{"rendered":"https:\/\/247stiri.ro\/index.php\/2024\/10\/26\/rares-bogdan-o-viziune-unica-pentru-capitala-planul-pentru-bucuresti-un-proiect-inovator-pentru-urmatorul-deceniu\/"},"modified":"2024-10-26T14:44:49","modified_gmt":"2024-10-26T14:44:49","slug":"rares-bogdan-o-viziune-unica-pentru-capitala-planul-pentru-bucuresti-un-proiect-inovator-pentru-urmatorul-deceniu","status":"publish","type":"post","link":"https:\/\/247stiri.ro\/index.php\/2024\/10\/26\/rares-bogdan-o-viziune-unica-pentru-capitala-planul-pentru-bucuresti-un-proiect-inovator-pentru-urmatorul-deceniu\/","title":{"rendered":"Rare\u0219 Bogdan: \u201dO viziune unic\u0103 pentru Capital\u0103: Planul pentru Bucure\u0219ti, un proiect inovator pentru urm\u0103torul deceniu\u201d"},"content":{"rendered":"<p>\u201eNicolae Ciuc\u0103, \u00een calitate de viitor Pre\u0219edinte al Rom\u00e2niei, va extinde acest parteneriat de durat\u0103 \u00een fiecare mare ora\u0219 al \u021b\u0103rii. Ora\u0219ele noastre merit\u0103 modernizare, iar administra\u021biile locale vor g\u0103si \u00een Pre\u0219edintele Ciuc\u0103 un partener de \u00eencredere.Acest plan \u00ee\u0219i propune s\u0103 transforme complet Bucure\u0219tiul prin relocarea institu\u021biilor administrative \u0219i eliberarea centrului pentru a deveni un spa\u021biu dedicat cet\u0103\u021benilor. Capitala va beneficia de un centru aerisit, cu noi spa\u021bii verzi \u0219i zone de promenad\u0103, \u00een care locuitorii s\u0103 se simt\u0103 respecta\u021bi \u0219i conecta\u021bi.Aceast\u0103 transformare reflect\u0103 o nou\u0103 perspectiv\u0103 asupra rela\u021biei dintre stat \u0219i cet\u0103\u021bean, un angajament pentru un Bucure\u0219ti al educa\u021biei, culturii \u0219i dialogului. Ini\u021biativa, f\u0103r\u0103 precedent, este menit\u0103 s\u0103 plaseze Capitala noastr\u0103 pe harta celor mai moderne ora\u0219e ale lumii \u0219i s\u0103 fie un exemplu pentru restul \u021b\u0103rii.Rela\u021bia cet\u0103\u021bean-stat va fi una de sprijin \u0219i colaborare, iar priorit\u0103\u021bile vor fi axate pe cre\u0219terea calit\u0103\u021bii vie\u021bii, nu pe birocra\u021bie \u0219i piedici. Prin acest proiect, d\u0103m un mesaj de sus\u021binere a unui Bucure\u0219ti \u00een care fiecare locuitor este valorizat \u0219i sprijinit, un ora\u0219 cu adev\u0103rat european \u0219i deschis\u201d, scrie Rare\u0219 Bogdan.<\/p>","protected":false},"excerpt":{"rendered":"<p>\u201eNicolae Ciuc\u0103, \u00een calitate de viitor Pre\u0219edinte al Rom\u00e2niei, va extinde acest parteneriat de durat\u0103&hellip;<\/p>\n","protected":false},"author":0,"featured_media":2106,"comment_status":"open","ping_status":"open","sticky":false,"template":"","format":"standard","meta":{"footnotes":""},"categories":[2],"tags":[],"class_list":["post-2117","post","type-post","status-publish","format-standard","has-post-thumbnail","hentry","category-actual"],"_links":{"self":[{"href":"https:\/\/247stiri.ro\/index.php\/wp-json\/wp\/v2\/posts\/2117","targetHints":{"allow":["GET"]}}],"collection":[{"href":"https:\/\/247stiri.ro\/index.php\/wp-json\/wp\/v2\/posts"}],"about":[{"href":"https:\/\/247stiri.ro\/index.php\/wp-json\/wp\/v2\/types\/post"}],"replies":[{"embeddable":true,"href":"https:\/\/247stiri.ro\/index.php\/wp-json\/wp\/v2\/comments?post=2117"}],"version-history":[{"count":0,"href":"https:\/\/247stiri.ro\/index.php\/wp-json\/wp\/v2\/posts\/2117\/revisions"}],"wp:featuredmedia":[{"embeddable":true,"href":"https:\/\/247stiri.ro\/index.php\/wp-json\/wp\/v2\/media\/2106"}],"wp:attachment":[{"href":"https:\/\/247stiri.ro\/index.php\/wp-json\/wp\/v2\/media?parent=2117"}],"wp:term":[{"taxonomy":"category","embeddable":true,"href":"https:\/\/247stiri.ro\/index.php\/wp-json\/wp\/v2\/categories?post=2117"},{"taxonomy":"post_tag","embeddable":true,"href":"https:\/\/247stiri.ro\/index.php\/wp-json\/wp\/v2\/tags?post=2117"}],"curies":[{"name":"wp","href":"https:\/\/api.w.org\/{rel}","templated":true}]}}