{"id":21171,"date":"2025-01-03T12:45:23","date_gmt":"2025-01-03T12:45:23","guid":{"rendered":"https:\/\/247stiri.ro\/index.php\/2025\/01\/03\/gest-fara-precedent-polonia-a-retras-invitatia-de-participare-a-ungariei-la-ceremonia-de-preluare-a-presedintiei-ue\/"},"modified":"2025-01-03T12:45:23","modified_gmt":"2025-01-03T12:45:23","slug":"gest-fara-precedent-polonia-a-retras-invitatia-de-participare-a-ungariei-la-ceremonia-de-preluare-a-presedintiei-ue","status":"publish","type":"post","link":"https:\/\/247stiri.ro\/index.php\/2025\/01\/03\/gest-fara-precedent-polonia-a-retras-invitatia-de-participare-a-ungariei-la-ceremonia-de-preluare-a-presedintiei-ue\/","title":{"rendered":"Gest f\u0103r\u0103 precedent! Polonia a retras invita\u021bia de participare a Ungariei la ceremonia de preluare a pre\u0219edin\u021biei UE"},"content":{"rendered":"<p>Tensiunile dintre cele dou\u0103 \u021b\u0103ri au crescut c\u00e2nd Budapesta i-a acordat azil unui fost ministru adjunct care este anchetat pentru presupus\u0103 utilizare necorespunz\u0103toare a fondurilor publice, a declarat un oficial de rang \u00eenalt.<\/p>\n<p>Premierul ungar Viktor Orban nu a fost nici el invitat la ceremonia de la Marele Teatru din Var\u015fovia, a declarat ministrul adjunct pentru afaceri europene Magdalena Sobkowiak-Czarnecka.<\/p>\n<p>Var\u015fovia a reac\u0163ionat cu furie atunci c\u00e2nd Ungaria i-a acordat azil politic luna trecut\u0103 lui Marcin Romanowski, un fost ministru adjunct polonez al Justi\u0163iei care a fost re\u0163inut \u00een iulie anul trecut \u00een cadrul anchetei privind utilizarea necorespunz\u0103toare a fondurilor publice.<\/p>\n<p>Romanowski a fost eliberat rapid, dup\u0103 ce pre\u015fedintele Adun\u0103rii europene pentru drepturile omului a declarat c\u0103 are imunitate \u00een calitate de membru al acestui organism. Fostul ministru neag\u0103 acuza\u0163iile \u00eempotriva sa.<\/p>\n<p>\u201eC\u00e2nd am invitat oaspe\u0163i la gala noastr\u0103, acum aproape o lun\u0103, am invitat \u00eentregul corp diplomatic\u201d, a declarat vineri, 3 ianuarie, Sobkowiak-Czarnecka \u00een comentarii televizate. \u201eDar, dup\u0103 situa\u0163ia cu ministrul Romanowski, ministrul (afacerilor externe) Sikorski a decis c\u0103 ambasadorul Ungariei nu este un oaspete binevenit \u00een teatru ast\u0103zi\u201d, a ad\u0103ugat ea.<\/p>\n<p>Premierul polonez Donald Tusk \u015fi Antonio Costa, pre\u015fedintele Consiliului European, urmau s\u0103 \u0163in\u0103 discursuri la ceremonia de inaugurare a pre\u015fedin\u0163iei poloneze a Uniunii Europene, pe care fiecare stat membru o de\u0163ine prin rota\u0163ie timp de \u015fase luni.<\/p>\n<p>Ungaria a de\u0163inut pre\u015fedin\u0163ia \u00een a doua jum\u0103tate a anului 2024.<\/p>\n<p>Tusk l-a criticat pe Orban pe teme precum pozi\u0163ia acestuia fa\u0163\u0103 de r\u0103zboiul din Ucraina \u015fi politicile pe care Polonia le consider\u0103 pro-ruse\u015fti. Orban a declarat presei maghiare c\u0103 guvernul lui Tusk \u00eei consider\u0103 pe maghiari du\u015fmani.<\/p>","protected":false},"excerpt":{"rendered":"<p>Tensiunile dintre cele dou\u0103 \u021b\u0103ri au crescut c\u00e2nd Budapesta i-a acordat azil unui fost ministru&hellip;<\/p>\n","protected":false},"author":0,"featured_media":21168,"comment_status":"open","ping_status":"open","sticky":false,"template":"","format":"standard","meta":{"footnotes":""},"categories":[2],"tags":[],"class_list":["post-21171","post","type-post","status-publish","format-standard","has-post-thumbnail","hentry","category-actual"],"_links":{"self":[{"href":"https:\/\/247stiri.ro\/index.php\/wp-json\/wp\/v2\/posts\/21171","targetHints":{"allow":["GET"]}}],"collection":[{"href":"https:\/\/247stiri.ro\/index.php\/wp-json\/wp\/v2\/posts"}],"about":[{"href":"https:\/\/247stiri.ro\/index.php\/wp-json\/wp\/v2\/types\/post"}],"replies":[{"embeddable":true,"href":"https:\/\/247stiri.ro\/index.php\/wp-json\/wp\/v2\/comments?post=21171"}],"version-history":[{"count":0,"href":"https:\/\/247stiri.ro\/index.php\/wp-json\/wp\/v2\/posts\/21171\/revisions"}],"wp:featuredmedia":[{"embeddable":true,"href":"https:\/\/247stiri.ro\/index.php\/wp-json\/wp\/v2\/media\/21168"}],"wp:attachment":[{"href":"https:\/\/247stiri.ro\/index.php\/wp-json\/wp\/v2\/media?parent=21171"}],"wp:term":[{"taxonomy":"category","embeddable":true,"href":"https:\/\/247stiri.ro\/index.php\/wp-json\/wp\/v2\/categories?post=21171"},{"taxonomy":"post_tag","embeddable":true,"href":"https:\/\/247stiri.ro\/index.php\/wp-json\/wp\/v2\/tags?post=21171"}],"curies":[{"name":"wp","href":"https:\/\/api.w.org\/{rel}","templated":true}]}}