{"id":21172,"date":"2025-01-03T12:45:23","date_gmt":"2025-01-03T12:45:23","guid":{"rendered":"https:\/\/247stiri.ro\/index.php\/2025\/01\/03\/incident-grav-in-teleorman-barbat-arestat-dupa-ce-a-batut-cu-bestialitate-o-angajata-a-unei-benzinarii\/"},"modified":"2025-01-03T12:45:23","modified_gmt":"2025-01-03T12:45:23","slug":"incident-grav-in-teleorman-barbat-arestat-dupa-ce-a-batut-cu-bestialitate-o-angajata-a-unei-benzinarii","status":"publish","type":"post","link":"https:\/\/247stiri.ro\/index.php\/2025\/01\/03\/incident-grav-in-teleorman-barbat-arestat-dupa-ce-a-batut-cu-bestialitate-o-angajata-a-unei-benzinarii\/","title":{"rendered":"Incident grav \u00een Teleorman: b\u0103rbat arestat dup\u0103 ce a b\u0103tut cu bestialitate o angajat\u0103 a unei benzin\u0103rii"},"content":{"rendered":"<p>Incidentul violent a avut loc \u00een noaptea de joi spre vineri, c\u00e2nd un localnic \u00een v\u00e2rst\u0103 de 44 de ani din comuna Peretu a mers la o benzin\u0103rie, s-a luat la ceart\u0103 cu angajata sta\u0163iei de carburant \u015fi a sf\u00e2r\u015fit prin a o lua la b\u0103taie.<\/p>\n<p>\u201eDin cercet\u0103ri a reie\u015fit faptul c\u0103, \u00een noaptea de 3 ianuarie a.c., \u00een jurul orei 00:50, \u00een timp ce se aflau \u00een incinta unei benzin\u0103rii, din comuna Peretu, b\u0103rbatul ar fi lovit cu pumnii \u00een zona fe\u0163ei o angajat\u0103 a societ\u0103\u0163ii respective (femeie de 21 de ani, din localitate)\u201d, transmit, vineri, reprezentan\u0163ii Poli\u0163iei jude\u0163ene Teleorman.<\/p>\n<p>Ie\u015firea violent\u0103 a b\u0103rbatului a avut loc pe fondul unui conflict spontan, au precizat pentru News.ro reprezentan\u0163i ai institu\u0163iei.<\/p>\n<p>Agresorul a fost dus la Poli\u0163ie unde, \u00een urma administr\u0103rii probatoriului, a fost re\u0163inut pentru 24 de ore, fiind introdus \u00een Centrul de re\u0163inere \u015fi arestare preventiv\u0103 din cadrul Inspectoratului de Poli\u0163ie Jude\u0163ean Olt.<\/p>\n<p>De asemenea, \u00eempotriva lui a fost emis ordin de protec\u0163ie provizoriu, av\u00e2nd interdic\u0163ia de a se apropia de femeia pe care a b\u0103tut-o. Cercet\u0103rile \u00een dosarul deschis \u00een urma agresiunii continu\u0103 sub coordonarea Parchetului de pe l\u00e2ng\u0103 Judec\u0103toria Ro\u015fiori de Vede.<\/p>","protected":false},"excerpt":{"rendered":"<p>Incidentul violent a avut loc \u00een noaptea de joi spre vineri, c\u00e2nd un localnic \u00een&hellip;<\/p>\n","protected":false},"author":0,"featured_media":21173,"comment_status":"open","ping_status":"open","sticky":false,"template":"","format":"standard","meta":{"footnotes":""},"categories":[2],"tags":[],"class_list":["post-21172","post","type-post","status-publish","format-standard","has-post-thumbnail","hentry","category-actual"],"_links":{"self":[{"href":"https:\/\/247stiri.ro\/index.php\/wp-json\/wp\/v2\/posts\/21172","targetHints":{"allow":["GET"]}}],"collection":[{"href":"https:\/\/247stiri.ro\/index.php\/wp-json\/wp\/v2\/posts"}],"about":[{"href":"https:\/\/247stiri.ro\/index.php\/wp-json\/wp\/v2\/types\/post"}],"replies":[{"embeddable":true,"href":"https:\/\/247stiri.ro\/index.php\/wp-json\/wp\/v2\/comments?post=21172"}],"version-history":[{"count":0,"href":"https:\/\/247stiri.ro\/index.php\/wp-json\/wp\/v2\/posts\/21172\/revisions"}],"wp:featuredmedia":[{"embeddable":true,"href":"https:\/\/247stiri.ro\/index.php\/wp-json\/wp\/v2\/media\/21173"}],"wp:attachment":[{"href":"https:\/\/247stiri.ro\/index.php\/wp-json\/wp\/v2\/media?parent=21172"}],"wp:term":[{"taxonomy":"category","embeddable":true,"href":"https:\/\/247stiri.ro\/index.php\/wp-json\/wp\/v2\/categories?post=21172"},{"taxonomy":"post_tag","embeddable":true,"href":"https:\/\/247stiri.ro\/index.php\/wp-json\/wp\/v2\/tags?post=21172"}],"curies":[{"name":"wp","href":"https:\/\/api.w.org\/{rel}","templated":true}]}}