{"id":2118,"date":"2024-10-26T14:44:49","date_gmt":"2024-10-26T14:44:49","guid":{"rendered":"https:\/\/247stiri.ro\/index.php\/2024\/10\/26\/mutarea-ministerelor-in-cladirea-academiei-un-plan-ambitios-marca-nicusor-dan-si-nicolae-ciuca\/"},"modified":"2024-10-26T14:44:49","modified_gmt":"2024-10-26T14:44:49","slug":"mutarea-ministerelor-in-cladirea-academiei-un-plan-ambitios-marca-nicusor-dan-si-nicolae-ciuca","status":"publish","type":"post","link":"https:\/\/247stiri.ro\/index.php\/2024\/10\/26\/mutarea-ministerelor-in-cladirea-academiei-un-plan-ambitios-marca-nicusor-dan-si-nicolae-ciuca\/","title":{"rendered":"Mutarea ministerelor \u00een cl\u0103direa Academiei, un plan ambi\u021bios marca Nicu\u0219or Dan \u0219i Nicolae Ciuc\u0103"},"content":{"rendered":"<p>\u201eUite o dezbatere hard-core pentru Bucure\u0219ti \u00een campania curent\u0103: s\u0103 fie mutate ministerele l\u00e2ng\u0103 Parlament, \u00een cl\u0103direa administrativ\u0103 a Academiei Rom\u00e2neDe ce mi se pare o ideea bun\u0103:1. Scoatem ma\u0219inile func\u021bionarilor din Centru, pe axa dintre Pia\u021ba Victoriei &#8211; Pia\u021ba Revolu\u021biei. Parc\u0103rile ministerelor din Centru devin spa\u021bii verzi;2. Pietonaliz\u0103m, facem parcuri \u0219i amenaj\u0103m peisagistic Pia\u021b\u0103 Victoriei \u0219i Pia\u021ba Revolu\u021biei;3. Nu se mai trambaleaz\u0103 prin ora\u0219 toat\u0103 ziua mini\u0219trii, secretarii func\u021bionarii \u00eentre Guvern\/Ministere \u0219i Parlament. Mersul pe jos face piciorul frumos. Scade traficul si poluarea.Mie \u00eemi place ideea \u0219i mi se pare fezabil\u0103. Cum vi se pare?\u201d, scrie Ciprian Ciucu, primarul Sectorului 6.\u00a0\u201eAst\u0103zi, Pre\u0219edintele Nicolae Ciuc\u0103 \u0219i Primarul General Nicu\u0219or Dan au lansat oficial Planul pentru Bucure\u0219ti, o viziune strategic\u0103 pentru urm\u0103torii 10 ani. Este un plan ambi\u021bios, care va transforma Capitala \u00eentr-un ora\u0219 deschis \u0219i modern, aliniat cu aspira\u021biile bucure\u0219tenilor \u0219i ale noii genera\u021bii.Acesta este un parteneriat pe termen lung pe care, \u00een mandatul s\u0103u de Pre\u0219edinte al Rom\u00e2niei, Nicolae Ciuc\u0103 \u00eel va extinde la nivelul fiec\u0103rui mare ora\u0219 al Rom\u00e2niei. Ora\u0219ele noastre au nevoie de modernizare \u0219i administra\u021biile marilor ora\u0219e vor avea \u00een Pre\u0219edintele Nicolae Ciuc\u0103 un adev\u0103rat partener.Principiul de la care se pleac\u0103 este clar: Bucure\u0219tiul nu trebuie s\u0103 fie doar un loc administrativ, ci un ora\u0219 al cet\u0103\u021benilor s\u0103i, un loc \u00een care s\u0103 te sim\u021bi respectat, motivat \u0219i inspirat s\u0103-\u021bi \u00eentemeiezi o familie, s\u0103-\u021bi construie\u0219ti o carier\u0103 sau s\u0103 te relaxezi. \u00cempreun\u0103 cu Nicu\u0219or Dan, aceast\u0103 viziune va crea o Capital\u0103 mai prietenoas\u0103, unde spa\u021biile publice sunt redate locuitorilor, iar administra\u021bia central\u0103 este relocat\u0103 \u00eentr-un cartier administrativ, eliber\u00e2nd centrul ora\u0219ului pentru parcuri, zone pietonale \u0219i spa\u021bii de recreere.Bucure\u0219tiul de m\u00e2ine \u00eenseamn\u0103 un centru aerisit, modern, \u00een care simbolic \u0219i practic cet\u0103\u021benii sunt \u00een centrul aten\u021biei. Prin aceast\u0103 viziune de dreapta, ne propunem s\u0103 reg\u00e2ndim raportul dintre stat \u0219i cet\u0103\u021bean \u0219i s\u0103 punem bazele unui mediu care respect\u0103 educa\u021bia, cultura \u0219i dezvoltarea durabil\u0103\u201d, scrie senatorul PNL, Nicoleta Pauliuc.<\/p>\n<p>\u201eAm fost ast\u0103zi al\u0103turi de Nicolae Ciuc\u0103 \u0219i Nicu\u0219or Dan la evenimentul de lansare a Viziunii pe 10 ani pentru Bucure\u0219ti.E un plan cu adev\u0103rat extraordinar pentru Bucure\u0219ti, care grupeaz\u0103 principalele cl\u0103diri ale administra\u021biei centrale \u00eentr-un singur\u00a0cartier, creeaz\u0103 zeci de hectare de spa\u021biu verde \u00een centrul Capitalei \u0219i face din Splaiul D\u00e2mbovi\u021bei o adev\u0103rat\u0103 promenad\u0103 \u0219i ax\u0103 de dezvoltare a ora\u0219ului.\u00cendemn bucure\u0219tenii \u0219i \u00eentregul electorat de dreapta s\u0103 fie al\u0103turi de noi, \u00een sus\u021binerea Planului Ciuc\u0103 \u2013 Nicu\u0219or Dan! Iar pe ceilal\u021bi rom\u00e2ni \u00eei asigur c\u0103 pre\u0219edintele Nicolae Ciuc\u0103 va fi aproape de fiecare ora\u0219 din \u021bara noastr\u0103 \u0219i va sprijini fiecare proiect care va aduce o via\u021b\u0103 mai bun\u0103!\u201d, scrie Dan Motreanu.<\/p>\n<p>\u00a0<\/p>","protected":false},"excerpt":{"rendered":"<p>\u201eUite o dezbatere hard-core pentru Bucure\u0219ti \u00een campania curent\u0103: s\u0103 fie mutate ministerele l\u00e2ng\u0103 Parlament,&hellip;<\/p>\n","protected":false},"author":0,"featured_media":2108,"comment_status":"open","ping_status":"open","sticky":false,"template":"","format":"standard","meta":{"footnotes":""},"categories":[2],"tags":[],"class_list":["post-2118","post","type-post","status-publish","format-standard","has-post-thumbnail","hentry","category-actual"],"_links":{"self":[{"href":"https:\/\/247stiri.ro\/index.php\/wp-json\/wp\/v2\/posts\/2118","targetHints":{"allow":["GET"]}}],"collection":[{"href":"https:\/\/247stiri.ro\/index.php\/wp-json\/wp\/v2\/posts"}],"about":[{"href":"https:\/\/247stiri.ro\/index.php\/wp-json\/wp\/v2\/types\/post"}],"replies":[{"embeddable":true,"href":"https:\/\/247stiri.ro\/index.php\/wp-json\/wp\/v2\/comments?post=2118"}],"version-history":[{"count":0,"href":"https:\/\/247stiri.ro\/index.php\/wp-json\/wp\/v2\/posts\/2118\/revisions"}],"wp:featuredmedia":[{"embeddable":true,"href":"https:\/\/247stiri.ro\/index.php\/wp-json\/wp\/v2\/media\/2108"}],"wp:attachment":[{"href":"https:\/\/247stiri.ro\/index.php\/wp-json\/wp\/v2\/media?parent=2118"}],"wp:term":[{"taxonomy":"category","embeddable":true,"href":"https:\/\/247stiri.ro\/index.php\/wp-json\/wp\/v2\/categories?post=2118"},{"taxonomy":"post_tag","embeddable":true,"href":"https:\/\/247stiri.ro\/index.php\/wp-json\/wp\/v2\/tags?post=2118"}],"curies":[{"name":"wp","href":"https:\/\/api.w.org\/{rel}","templated":true}]}}