{"id":21187,"date":"2025-01-03T13:45:56","date_gmt":"2025-01-03T13:45:56","guid":{"rendered":"https:\/\/247stiri.ro\/index.php\/2025\/01\/03\/accident-grav-in-gorj-patru-persoane-au-fost-ranite-dupa-ce-autoturismul-in-care-se-aflau-s-a-rasturnat-intr-o-curba\/"},"modified":"2025-01-03T13:45:56","modified_gmt":"2025-01-03T13:45:56","slug":"accident-grav-in-gorj-patru-persoane-au-fost-ranite-dupa-ce-autoturismul-in-care-se-aflau-s-a-rasturnat-intr-o-curba","status":"publish","type":"post","link":"https:\/\/247stiri.ro\/index.php\/2025\/01\/03\/accident-grav-in-gorj-patru-persoane-au-fost-ranite-dupa-ce-autoturismul-in-care-se-aflau-s-a-rasturnat-intr-o-curba\/","title":{"rendered":"Accident grav \u00een Gorj. Patru persoane au fost r\u0103nite dup\u0103 ce autoturismul \u00een care se aflau s-a r\u0103sturnat \u00eentr-o curb\u0103"},"content":{"rendered":"<p>Evenimentul rutier a avut loc vineri, 3 ianuarie pe raza comunei Licurici din jude\u0163ul Gorj, iar un alt \u015fofer a sunat la 112, solicit\u00e2nd ajutor medical.<\/p>\n<p>\u201eLa fa\u0163a locului s-au deplasat poli\u0163i\u015ftii care, \u00een urma cercet\u0103rilor efectuate, au stabilit faptul c\u0103, \u00een timp ce un b\u0103rbat de 56 de ani, din jude\u0163ul Bra\u015fov, conducea un autoturism, din direc\u0163ia Licurici c\u0103tre T\u00e2rgu C\u0103rbune\u015fti, \u00eentr-o curb\u0103 la dreapta, a pierdut controlul direc\u0163iei de deplasare, ie\u015find de pe carosabil \u015fi r\u0103sturn\u00e2ndu-se pe partea dreapt\u0103, rezult\u00e2nd v\u0103t\u0103marea corporal\u0103 a celor patru pasageri, cu v\u00e2rste cuprinse \u00eentre 16 \u015fi 36 de ani, din jude\u0163ele Boto\u015fani, Ilfov \u015fi respectiv Bucure\u015fti\u201d, informeaz\u0103 reprezentan\u0163ii Poli\u0163iei Gorj.<\/p>\n<p>Poli\u0163i\u015ftii rutieri care au mers s\u0103 fac\u0103 cercetarea la locul accidentului l-au testat pe \u015fofer, constat\u00e2nd c\u0103 acesta nu consumase alcool \u00eenainte de a urca la volan.<\/p>\n<p>\u00cen urma accidentului a fost decshis dosar penal pentru s\u0103v\u00e2r\u015firea infrac\u0163iunii de v\u0103t\u0103mare corporal\u0103 din culp\u0103.<\/p>","protected":false},"excerpt":{"rendered":"<p>Evenimentul rutier a avut loc vineri, 3 ianuarie pe raza comunei Licurici din jude\u0163ul Gorj,&hellip;<\/p>\n","protected":false},"author":0,"featured_media":21188,"comment_status":"open","ping_status":"open","sticky":false,"template":"","format":"standard","meta":{"footnotes":""},"categories":[2],"tags":[],"class_list":["post-21187","post","type-post","status-publish","format-standard","has-post-thumbnail","hentry","category-actual"],"_links":{"self":[{"href":"https:\/\/247stiri.ro\/index.php\/wp-json\/wp\/v2\/posts\/21187","targetHints":{"allow":["GET"]}}],"collection":[{"href":"https:\/\/247stiri.ro\/index.php\/wp-json\/wp\/v2\/posts"}],"about":[{"href":"https:\/\/247stiri.ro\/index.php\/wp-json\/wp\/v2\/types\/post"}],"replies":[{"embeddable":true,"href":"https:\/\/247stiri.ro\/index.php\/wp-json\/wp\/v2\/comments?post=21187"}],"version-history":[{"count":0,"href":"https:\/\/247stiri.ro\/index.php\/wp-json\/wp\/v2\/posts\/21187\/revisions"}],"wp:featuredmedia":[{"embeddable":true,"href":"https:\/\/247stiri.ro\/index.php\/wp-json\/wp\/v2\/media\/21188"}],"wp:attachment":[{"href":"https:\/\/247stiri.ro\/index.php\/wp-json\/wp\/v2\/media?parent=21187"}],"wp:term":[{"taxonomy":"category","embeddable":true,"href":"https:\/\/247stiri.ro\/index.php\/wp-json\/wp\/v2\/categories?post=21187"},{"taxonomy":"post_tag","embeddable":true,"href":"https:\/\/247stiri.ro\/index.php\/wp-json\/wp\/v2\/tags?post=21187"}],"curies":[{"name":"wp","href":"https:\/\/api.w.org\/{rel}","templated":true}]}}