{"id":21190,"date":"2025-01-03T13:45:57","date_gmt":"2025-01-03T13:45:57","guid":{"rendered":"https:\/\/247stiri.ro\/index.php\/2025\/01\/03\/trafic-de-cosmar-pe-valea-prahovei-pe-sensul-de-mers-dinspre-ploiesti-spre-brasov-ce-rute-alternative-recomanda-politia\/"},"modified":"2025-01-03T13:45:57","modified_gmt":"2025-01-03T13:45:57","slug":"trafic-de-cosmar-pe-valea-prahovei-pe-sensul-de-mers-dinspre-ploiesti-spre-brasov-ce-rute-alternative-recomanda-politia","status":"publish","type":"post","link":"https:\/\/247stiri.ro\/index.php\/2025\/01\/03\/trafic-de-cosmar-pe-valea-prahovei-pe-sensul-de-mers-dinspre-ploiesti-spre-brasov-ce-rute-alternative-recomanda-politia\/","title":{"rendered":"Trafic de co\u0219mar pe Valea Prahovei, pe sensul de mers dinspre Ploie\u015fti spre Bra\u015fov. Ce RUTE ALTERNATIVE recomand\u0103 Poli\u021bia"},"content":{"rendered":"<p>Potrivit Centrul Infotrafic din Inspectoratul General al Poli\u0163iei Rom\u00e2ne, pentru DN 1 Bra\u015fov-Ploie\u015fti-Bucure\u015fti, pot fi folosite ca rute alternative urm\u0103toarele artere rutiere:<\/p>\n<p>Bucure\u015fti &#8211; Autostrada A3 &#8211; Ploie\u015fti &#8211; Cheia &#8211; DN 1A &#8211; Bra\u015fov;<\/p>\n<p>Bucure\u015fti &#8211; Autostrada A1 &#8211; Pite\u015fti &#8211; C\u00e2mpulung &#8211; DN 73 &#8211; R\u00e2\u015fnov;<\/p>\n<p>Bucure\u015fti &#8211; DN 71 &#8211; T\u00e2rgovi\u015fte &#8211; DN 72A &#8211; C\u00e2mpulung &#8211; DN 73 &#8211; R\u00e2\u015fnov;<\/p>\n<p>Bucure\u015fti &#8211; T\u00e2rgovi\u015fte &#8211; DN 71 Sinaia.<\/p>\n<p>Poli\u0163i\u015ftii rutieri le recomand\u0103 celor care-\u015fi planific\u0103 deplas\u0103rile \u00een aceste zile libere s\u0103 verifice cu \u201emare aten\u0163ie traseul pe care-l au de parcurs, at\u00e2t din punct de vedere al condi\u0163iilor meteorologice, c\u00e2t \u015fi al valorilor de trafic\u201d \u015fi s\u0103 ia \u00een considerare c\u0103 timpul petrecut \u00een trafic poate cre\u015fte \u015fi c\u0103, \u00een aceste condi\u0163ii, pot opta pentru rute alternative.<\/p>\n<p>\u201eP\u0103stra\u0163i-v\u0103 calmul \u015fi da\u0163i dovad\u0103 de respect fa\u0163\u0103 de ceilal\u0163i participan\u0163i la trafic, acord\u00e2nd prioritate celor \u00een drept, evit\u00e2nd manevrele periculoase de dep\u0103\u015fire a coloanelor de autovehicule. Echipa\u0163i-v\u0103 corespunz\u0103tor autoturismul dac\u0103 deplasarea se va efectua pe artere rutiere cu z\u0103pad\u0103, ghea\u0163\u0103 sau polei\u201d, mai arat\u0103 Infotrafic.<\/p>","protected":false},"excerpt":{"rendered":"<p>Potrivit Centrul Infotrafic din Inspectoratul General al Poli\u0163iei Rom\u00e2ne, pentru DN 1 Bra\u015fov-Ploie\u015fti-Bucure\u015fti, pot fi&hellip;<\/p>\n","protected":false},"author":0,"featured_media":21191,"comment_status":"open","ping_status":"open","sticky":false,"template":"","format":"standard","meta":{"footnotes":""},"categories":[2],"tags":[],"class_list":["post-21190","post","type-post","status-publish","format-standard","has-post-thumbnail","hentry","category-actual"],"_links":{"self":[{"href":"https:\/\/247stiri.ro\/index.php\/wp-json\/wp\/v2\/posts\/21190","targetHints":{"allow":["GET"]}}],"collection":[{"href":"https:\/\/247stiri.ro\/index.php\/wp-json\/wp\/v2\/posts"}],"about":[{"href":"https:\/\/247stiri.ro\/index.php\/wp-json\/wp\/v2\/types\/post"}],"replies":[{"embeddable":true,"href":"https:\/\/247stiri.ro\/index.php\/wp-json\/wp\/v2\/comments?post=21190"}],"version-history":[{"count":0,"href":"https:\/\/247stiri.ro\/index.php\/wp-json\/wp\/v2\/posts\/21190\/revisions"}],"wp:featuredmedia":[{"embeddable":true,"href":"https:\/\/247stiri.ro\/index.php\/wp-json\/wp\/v2\/media\/21191"}],"wp:attachment":[{"href":"https:\/\/247stiri.ro\/index.php\/wp-json\/wp\/v2\/media?parent=21190"}],"wp:term":[{"taxonomy":"category","embeddable":true,"href":"https:\/\/247stiri.ro\/index.php\/wp-json\/wp\/v2\/categories?post=21190"},{"taxonomy":"post_tag","embeddable":true,"href":"https:\/\/247stiri.ro\/index.php\/wp-json\/wp\/v2\/tags?post=21190"}],"curies":[{"name":"wp","href":"https:\/\/api.w.org\/{rel}","templated":true}]}}