{"id":21201,"date":"2025-01-03T14:45:26","date_gmt":"2025-01-03T14:45:26","guid":{"rendered":"https:\/\/247stiri.ro\/index.php\/2025\/01\/03\/cine-i-a-luat-locul-lui-ilie-bolojan-la-sefia-cj-bihor\/"},"modified":"2025-01-03T14:45:26","modified_gmt":"2025-01-03T14:45:26","slug":"cine-i-a-luat-locul-lui-ilie-bolojan-la-sefia-cj-bihor","status":"publish","type":"post","link":"https:\/\/247stiri.ro\/index.php\/2025\/01\/03\/cine-i-a-luat-locul-lui-ilie-bolojan-la-sefia-cj-bihor\/","title":{"rendered":"Cine i-a luat locul lui Ilie Bolojan la \u0219efia CJ Bihor"},"content":{"rendered":"<p>La \u015fedin\u0163a de vineri au fost prezen\u0163i 33 de consilieri jude\u0163eni.<\/p>\n<p>Ilie Bolojan le-a transmis un mesaj fo\u015ftilor colegi din CJ \u00een care le-a mul\u0163umit pentru colaborare \u015fi &#8222;lucrurile bune realizate \u00eempreun\u0103&#8221;.<\/p>\n<p>&#8222;V\u0103 asigur c\u0103, din aceast\u0103 pozi\u0163ie de senator, a\u015fa cum am f\u0103cut-o \u015fi din cea de pre\u015fedinte al Consiliului Jude\u0163ean, voi face tot ceea ce depinde de mine pentru a sus\u0163ine proiectele jude\u0163ului Bihor, iar la nivel na\u0163ional pentru a reprezenta cu demnitate interesele \u0163\u0103rii noastre&#8221;, a spus Bolojan, \u00een mesaj.<\/p>\n<p>Singura propunere pentru func\u0163ia de pre\u015fedinte al CJ Bihor a fost Mircea M\u0103lan, propus de grupul PNL.<\/p>\n<p>Votul a fost secret \u015fi \u00een unanimitate pentru candidatul liberal.<\/p>\n<p>&#8222;Rolul Consiliului Jude\u0163ean este de a contribui la bun\u0103starea at\u00e2t material\u0103, c\u00e2t \u015fi spiritual\u0103 a bihorenilor. Fiecare dintre noi, cei care, vremelnic, ocup\u0103m o func\u0163ie public\u0103 avem datoria de a \u00eencerca s\u0103 facem tot posibilul pentru ca to\u0163i cei pe care \u00eei reprezent\u0103m s\u0103 tr\u0103iasc\u0103 mai bine&#8221;, a afirmat M\u0103lan, care va de\u0163ine aceast\u0103 func\u0163ie p\u00e2n\u0103 la organizarea de noi alegeri.<\/p>\n<p>Printre priorit\u0103\u0163ile CJ Bihor \u00een perioada urm\u0103toare, el a men\u0163ionat dezvoltarea transportului rutier, aerian \u015fi feroviar, at\u00e2t de persoane c\u00e2t \u015fi de m\u0103rfuri, sprijinirea comunelor \u015fi ora\u015felor pentru a-\u015fi introduce re\u0163ele de ap\u0103, canalizare \u015fi gaze naturale, finalizarea parcurilor industriale din jude\u0163, dezvoltarea integrat\u0103 a turismului, inelul metropolitan, centura de sud, drumul de leg\u0103tur\u0103 dintre Bihor, Cluj \u015fi Alba.\u00a0<\/p>","protected":false},"excerpt":{"rendered":"<p>La \u015fedin\u0163a de vineri au fost prezen\u0163i 33 de consilieri jude\u0163eni. Ilie Bolojan le-a transmis&hellip;<\/p>\n","protected":false},"author":0,"featured_media":21202,"comment_status":"open","ping_status":"open","sticky":false,"template":"","format":"standard","meta":{"footnotes":""},"categories":[3],"tags":[],"class_list":["post-21201","post","type-post","status-publish","format-standard","has-post-thumbnail","hentry","category-politica"],"_links":{"self":[{"href":"https:\/\/247stiri.ro\/index.php\/wp-json\/wp\/v2\/posts\/21201","targetHints":{"allow":["GET"]}}],"collection":[{"href":"https:\/\/247stiri.ro\/index.php\/wp-json\/wp\/v2\/posts"}],"about":[{"href":"https:\/\/247stiri.ro\/index.php\/wp-json\/wp\/v2\/types\/post"}],"replies":[{"embeddable":true,"href":"https:\/\/247stiri.ro\/index.php\/wp-json\/wp\/v2\/comments?post=21201"}],"version-history":[{"count":0,"href":"https:\/\/247stiri.ro\/index.php\/wp-json\/wp\/v2\/posts\/21201\/revisions"}],"wp:featuredmedia":[{"embeddable":true,"href":"https:\/\/247stiri.ro\/index.php\/wp-json\/wp\/v2\/media\/21202"}],"wp:attachment":[{"href":"https:\/\/247stiri.ro\/index.php\/wp-json\/wp\/v2\/media?parent=21201"}],"wp:term":[{"taxonomy":"category","embeddable":true,"href":"https:\/\/247stiri.ro\/index.php\/wp-json\/wp\/v2\/categories?post=21201"},{"taxonomy":"post_tag","embeddable":true,"href":"https:\/\/247stiri.ro\/index.php\/wp-json\/wp\/v2\/tags?post=21201"}],"curies":[{"name":"wp","href":"https:\/\/api.w.org\/{rel}","templated":true}]}}