{"id":21203,"date":"2025-01-03T14:45:26","date_gmt":"2025-01-03T14:45:26","guid":{"rendered":"https:\/\/247stiri.ro\/index.php\/2025\/01\/03\/guvernul-joaca-alba-neagra-cu-plafonarea-tarifelor-la-energie-ce-mesaj-transmite-ministerul-condus-de-sebastian-burduja\/"},"modified":"2025-01-03T14:45:26","modified_gmt":"2025-01-03T14:45:26","slug":"guvernul-joaca-alba-neagra-cu-plafonarea-tarifelor-la-energie-ce-mesaj-transmite-ministerul-condus-de-sebastian-burduja","status":"publish","type":"post","link":"https:\/\/247stiri.ro\/index.php\/2025\/01\/03\/guvernul-joaca-alba-neagra-cu-plafonarea-tarifelor-la-energie-ce-mesaj-transmite-ministerul-condus-de-sebastian-burduja\/","title":{"rendered":"Guvernul joac\u0103 alba-neagra cu plafonarea tarifelor la energie. Ce mesaj transmite ministerul condus de Sebastian Burduja?"},"content":{"rendered":"<p>\u201eScenariile analizate \u00een prezent de Grupul Interministerial creat \u00een luna noiembrie 2024 prin decizia Prim-ministrului Rom\u00e2niei 380\/2024 prev\u0103d foarte clar c\u0103 liberalizarea se va face etapizat, cu protejarea tuturor consumatorilor \u0219i nu se limiteaz\u0103 la data de 1 aprilie 2025 sau la consumatorii vulnerabili&#8221;, a explicat institu\u021bia.<\/p>\n<p>\u201eScenariile de lucru \u021bin cont de implementarea unor mecanisme deja testate de statul rom\u00e2n, precum cardurile de sprijin (ex: cardul de energie, cardul de alimente, cardul de vacan\u021b\u0103), \u00eens\u0103 nu sunt excluse ajust\u0103ri sau m\u0103suri care vor fi identificate pe parcursul \u00eent\u00e2lnirilor de lucru ale Grupului Interministerial. Ne-am propus ca p\u00e2n\u0103 la finalul lunii ianuarie s\u0103 identific\u0103m cele mai bune solu\u021bii pentru perioada post 1 aprilie 2025.<\/p>\n<p>Obiectivul Ministrului Energiei, av\u00e2nd \u0219i calitatea de vicepre\u0219edinte al comitetului interministerial pentru protejarea consumatorilor vulnerabili \u0219i combaterea s\u0103r\u0103ciei energetice, este ca \u0219i dup\u0103 1 aprilie 2025, \u0219i aici ne referim la toate categoriile de consumatori, pre\u021burile la energie s\u0103 fie corecte \u0219i nu vin\u0103 ca o povar\u0103 pentru bugetele lor\u201d, se arat\u0103 \u00eentr-un comunicat al Ministerului Energiei.\u00a0\u00a0Context<\/p>\n<p>\u00cen prezent, clien\u0163ii casnici al c\u0103ror consum lunar este cuprins \u00eentre 0- 100 kWh au un tarif plafonat la 0,68 lei\/kWh, cei care au \u00eentre 100,01 kWh \u015fi 255 kWh, precum \u015fi clien\u0163ii cu consum lunar \u00eentre 255,01 \u015fi 300 kWh (pentru consumul primilor 255 kWh) au un tarif de 0,80 lei\/kWh. Pentru consumul de energie electric\u0103 ce dep\u0103\u015fe\u015fte 255 kWh, tariful este de 1,3 lei, relateaz\u0103 Ziarul Financiar, conform Mediafax.<\/p>\n<p>Marii juc\u0103tori din energie au sustinut \u00een repetate r\u00e2nduri eliminarea plafon\u0103rii tarifelor la energie electric\u0103 \u015fi gaze.<\/p>\n<p>Ministerul Energiei a precizat \u00een toamna trecut\u0103 c\u0103, \u00een cazul renun\u0163\u0103rii la pre\u0163urile plafonate, consumatorii va trebui s\u0103 achite pre\u0163urile din pia\u0163\u0103 care, \u00een func\u0163ie de evolu\u0163ie, vor putea fi mai mari sau mai mici dec\u00e2t cele plafonate.<\/p>","protected":false},"excerpt":{"rendered":"<p>\u201eScenariile analizate \u00een prezent de Grupul Interministerial creat \u00een luna noiembrie 2024 prin decizia Prim-ministrului&hellip;<\/p>\n","protected":false},"author":0,"featured_media":21204,"comment_status":"open","ping_status":"open","sticky":false,"template":"","format":"standard","meta":{"footnotes":""},"categories":[2],"tags":[],"class_list":["post-21203","post","type-post","status-publish","format-standard","has-post-thumbnail","hentry","category-actual"],"_links":{"self":[{"href":"https:\/\/247stiri.ro\/index.php\/wp-json\/wp\/v2\/posts\/21203","targetHints":{"allow":["GET"]}}],"collection":[{"href":"https:\/\/247stiri.ro\/index.php\/wp-json\/wp\/v2\/posts"}],"about":[{"href":"https:\/\/247stiri.ro\/index.php\/wp-json\/wp\/v2\/types\/post"}],"replies":[{"embeddable":true,"href":"https:\/\/247stiri.ro\/index.php\/wp-json\/wp\/v2\/comments?post=21203"}],"version-history":[{"count":0,"href":"https:\/\/247stiri.ro\/index.php\/wp-json\/wp\/v2\/posts\/21203\/revisions"}],"wp:featuredmedia":[{"embeddable":true,"href":"https:\/\/247stiri.ro\/index.php\/wp-json\/wp\/v2\/media\/21204"}],"wp:attachment":[{"href":"https:\/\/247stiri.ro\/index.php\/wp-json\/wp\/v2\/media?parent=21203"}],"wp:term":[{"taxonomy":"category","embeddable":true,"href":"https:\/\/247stiri.ro\/index.php\/wp-json\/wp\/v2\/categories?post=21203"},{"taxonomy":"post_tag","embeddable":true,"href":"https:\/\/247stiri.ro\/index.php\/wp-json\/wp\/v2\/tags?post=21203"}],"curies":[{"name":"wp","href":"https:\/\/api.w.org\/{rel}","templated":true}]}}