{"id":21245,"date":"2025-01-03T16:47:56","date_gmt":"2025-01-03T16:47:56","guid":{"rendered":"https:\/\/247stiri.ro\/index.php\/2025\/01\/03\/george-simion-i-a-dat-vestea-proasta-lui-iohannis-in-direct-la-realitatea-plus-ce-i-pregatesc-suveranistii-inca-din-prima-zi-a-sesiunii-parlamentare\/"},"modified":"2025-01-03T16:47:56","modified_gmt":"2025-01-03T16:47:56","slug":"george-simion-i-a-dat-vestea-proasta-lui-iohannis-in-direct-la-realitatea-plus-ce-i-pregatesc-suveranistii-inca-din-prima-zi-a-sesiunii-parlamentare","status":"publish","type":"post","link":"https:\/\/247stiri.ro\/index.php\/2025\/01\/03\/george-simion-i-a-dat-vestea-proasta-lui-iohannis-in-direct-la-realitatea-plus-ce-i-pregatesc-suveranistii-inca-din-prima-zi-a-sesiunii-parlamentare\/","title":{"rendered":"George Simion i-a dat vestea proast\u0103 lui Iohannis, \u00een direct la Realitatea Plus. Ce-i preg\u0103tesc suverani\u0219tii \u00eenc\u0103 din prima zi a sesiunii parlamentare?"},"content":{"rendered":"<p>Prezent \u00een Pia\u021ba Victoriei, George Simion a precizat de ce nu s-a implicat at\u00e2t de vizibil \u00een protestul oamenilor, dar a sim\u021bit nevoia s\u0103 le trimit\u0103 un semnal c\u0103 le este al\u0103turi.<\/p>\n<p>&#8222;Oamenii sune ner\u0103bd\u0103tori s\u0103 se fac\u0103 dreptate. NU e rolul meu s\u0103 ies \u00een frunte, oamenii chiar m-au \u00eentrebat dac\u0103 m-am dezis de C\u0103lin Georgescu, le-am zis c\u0103 nu, dar inten\u021bia mea este s\u0103 nu politizez aceste proteste. Noi cerem repetarea alegerilor \u00eencep\u00e2nd cu turul 2, noi avem revendic\u0103ri \u0219i fa\u021b\u0103 de actuala guvernare, care nu \u0219i-a respectat promisiunile din campania electoral\u0103 \u0219i a dat acea ordonan\u021b\u0103 trenule\u021b. Noi am venit simbolic \u00een Pia\u021ba Victoriei, s\u0103 ar\u0103t\u0103m c\u0103 sus\u021binem revendic\u0103rile rom\u00e2nilor din pia\u021ba. Realitatea Plus este singura televiziune prezent\u0103 aici \u0219i sunte\u021bi simpatiza\u021bi pentru asta.<\/p>\n<p>Pe data de 12 ianuarie, vom organiza noi, de la AUR, un miting, pe 8 ianuarie avem \u0219edin\u021b\u0103 de primire a autoriza\u021biei \u0219i de discu\u021bii cu autorit\u0103\u021bile de la Prim\u0103ria General\u0103 privind organizarea acestui miting. Noi nu vrem s\u0103 confisc\u0103m \u00een vreun fel aceast\u0103 manifesta\u021bie, vrem doar s\u0103 asigur\u0103m un cadru legal, \u00een care zeci de mii de oameni care fierb in cauza nedrept\u0103\u021bii care s-a \u00eent\u00e2mplat s\u0103-\u0219i poat\u0103 manifesta nemul\u021bumirea f\u0103r\u0103 s\u0103 existe provocatori, instigatori, f\u0103r\u0103 ca dl. Klaus Iohannis s\u0103 instituie starea de urgen\u021b\u0103 \u0219i s\u0103 beneficieze de haos, a\u0219a cum a f\u0103cut timp de 10 ani, a\u0219a a f\u0103cut actuala guvernare, care una a promis \u00een campanie, alta a livrat. De aceea este important ca rom\u00e2nii s\u0103 vad\u0103 c\u0103 nu sunt singuri \u0219i c\u0103 nu toat\u0103 clasa politic\u0103 este format\u0103 din tr\u0103d\u0103tori. Vom \u00eencerca s\u0103 ini\u021biem procedura de suspendare a lui Klaus Iohannis, imediat ce va \u00eencepe sesiunea parlamentar\u0103, este adev\u0103rat c\u0103 o treime din Parlament este format\u0103 din suverani\u0219ti, avem \u0219i semn\u0103turile, nu \u0219tiu dac\u0103 vom avea majoritate, probabil c\u0103 nu, deoarece PSD a fost \u00eentotdeauna la brelocul ui Klaus Iohannis, dar este datoria noastr\u0103 s\u0103 facem asta \u00eenc\u0103 din prima zi de Parlament&#8221;, a afirmat George Simion, \u00een exclusivitate la Realitatea Plus.<\/p>","protected":false},"excerpt":{"rendered":"<p>Prezent \u00een Pia\u021ba Victoriei, George Simion a precizat de ce nu s-a implicat at\u00e2t de&hellip;<\/p>\n","protected":false},"author":0,"featured_media":21244,"comment_status":"open","ping_status":"open","sticky":false,"template":"","format":"standard","meta":{"footnotes":""},"categories":[2],"tags":[],"class_list":["post-21245","post","type-post","status-publish","format-standard","has-post-thumbnail","hentry","category-actual"],"_links":{"self":[{"href":"https:\/\/247stiri.ro\/index.php\/wp-json\/wp\/v2\/posts\/21245","targetHints":{"allow":["GET"]}}],"collection":[{"href":"https:\/\/247stiri.ro\/index.php\/wp-json\/wp\/v2\/posts"}],"about":[{"href":"https:\/\/247stiri.ro\/index.php\/wp-json\/wp\/v2\/types\/post"}],"replies":[{"embeddable":true,"href":"https:\/\/247stiri.ro\/index.php\/wp-json\/wp\/v2\/comments?post=21245"}],"version-history":[{"count":0,"href":"https:\/\/247stiri.ro\/index.php\/wp-json\/wp\/v2\/posts\/21245\/revisions"}],"wp:featuredmedia":[{"embeddable":true,"href":"https:\/\/247stiri.ro\/index.php\/wp-json\/wp\/v2\/media\/21244"}],"wp:attachment":[{"href":"https:\/\/247stiri.ro\/index.php\/wp-json\/wp\/v2\/media?parent=21245"}],"wp:term":[{"taxonomy":"category","embeddable":true,"href":"https:\/\/247stiri.ro\/index.php\/wp-json\/wp\/v2\/categories?post=21245"},{"taxonomy":"post_tag","embeddable":true,"href":"https:\/\/247stiri.ro\/index.php\/wp-json\/wp\/v2\/tags?post=21245"}],"curies":[{"name":"wp","href":"https:\/\/api.w.org\/{rel}","templated":true}]}}