{"id":21246,"date":"2025-01-03T16:47:57","date_gmt":"2025-01-03T16:47:57","guid":{"rendered":"https:\/\/247stiri.ro\/index.php\/2025\/01\/03\/cum-arata-florin-piersic-dupa-ce-s-a-refugiat-la-manastire-un-altfel-de-revelion-pentru-legendarul-actor\/"},"modified":"2025-01-03T16:47:57","modified_gmt":"2025-01-03T16:47:57","slug":"cum-arata-florin-piersic-dupa-ce-s-a-refugiat-la-manastire-un-altfel-de-revelion-pentru-legendarul-actor","status":"publish","type":"post","link":"https:\/\/247stiri.ro\/index.php\/2025\/01\/03\/cum-arata-florin-piersic-dupa-ce-s-a-refugiat-la-manastire-un-altfel-de-revelion-pentru-legendarul-actor\/","title":{"rendered":"Cum arat\u0103 Florin Piersic dup\u0103 ce s-a refugiat la m\u0103n\u0103stire. Un altfel de Revelion pentru legendarul actor"},"content":{"rendered":"<p>Recuperare dup\u0103 o perioad\u0103 dificil\u0103<\/p>\n<p>Dup\u0103 ce a \u00eenfruntat o infec\u021bie generalizat\u0103 \u0219i a trecut printr-o interven\u021bie la genunchi, Florin Piersic a urmat un program intens de recuperare. Ini\u021bial, tratamentele au avut loc \u00eentr-o clinic\u0103 din Snagov, dar spre finalul anului, actorul a sim\u021bit nevoia unei reconect\u0103ri profunde cu spiritualitatea. Alegerea sa a fost M\u0103n\u0103stirea Moldovi\u021ba, un loc pe care \u00eel consider\u0103 de suflet.<\/p>\n<p>\u201eSunt la M\u0103n\u0103stirea Moldovi\u021ba \u0219i m\u0103 bucur c\u0103 am fost primit cu c\u0103ldur\u0103. Aici, \u00een Bucovina, am tr\u0103it unele dintre cele mai frumoase zile din via\u021ba mea\u201d, a declarat Piersic \u00eentr-o discu\u021bie telefonic\u0103.<\/p>\n<p>Dorul de scen\u0103<\/p>\n<p>De\u0219i s\u0103n\u0103tatea sa este acum o prioritate, <a href=\"https:\/\/www.realitatea.net\/stiri\/actual\/mesaj-impresionant-din-partea-lui-florin-piersic-catre-romani-trebuie-sa-avem-curajul-de-a-trece-peste-toate-cum-se-mai-simte-marele-actor_676194556a111822f55e5332\" target=\"_blank\">Florin Piersic<\/a> \u00ee\u0219i dore\u0219te cu ardoare s\u0103 mai urce pe scen\u0103, fie pentru o pies\u0103 de teatru, fie pentru un recital special. \u201eA\u0219 vrea s\u0103 mai apar m\u0103car o dat\u0103 \u00een fa\u021ba publicului, s\u0103 le povestesc, s\u0103 le c\u00e2nt. Publicul este partenerul meu de scen\u0103, iar aceast\u0103 leg\u0103tur\u0103 este tot ce mi-a mai r\u0103mas\u201d, a m\u0103rturisit actorul.<\/p>\n<p>Pentru el, scena reprezint\u0103 mai mult dec\u00e2t un spa\u021biu de exprimare artistic\u0103: este locul \u00een care a tr\u0103it cele mai mari bucurii \u0219i unde sper\u0103 s\u0103 se \u00eentoarc\u0103 pentru a \u00eencheia un capitol de neuitat din cariera sa.<\/p>\n<p>Un Revelion plin de reflec\u021bie<\/p>\n<p>Revelionul 2024-2025 a fost unul atipic pentru actor. Departe de luminile \u0219i agita\u021bia marilor ora\u0219e, Florin Piersic a ales s\u0103-\u0219i petreac\u0103 trecerea dintre ani \u00een rug\u0103ciune \u0219i reflec\u021bie. \u201eCe-mi pot dori altceva dec\u00e2t s\u0103n\u0103tate? Este cel mai de pre\u021b lucru\u201d, a spus actorul, subliniind c\u0103 valorile simple \u0219i conexiunea cu divinitatea sunt acum \u00een centrul vie\u021bii sale.<\/p>\n<p>Admiratorii actorului au r\u0103mas profund emo\u021biona\u021bi de noile imagini cu Florin Piersic. Pe re\u021belele de socializare, mul\u021bi au \u00eemp\u0103rt\u0103\u0219it mesaje pline de nostalgie \u0219i respect.<\/p>\n<p>\u201eM\u0103 doare sufletul s\u0103-l v\u0103d a\u0219a\u2026 Este un geniu al Rom\u00e2niei \u0219i va r\u0103m\u00e2ne \u00een inimile noastre pentru totdeauna\u201d, a scris un fan.<\/p>\n<p>\u201eGenera\u021bia de aur a teatrului \u0219i cinematografiei apune \u00eencet, dar Florin Piersic va r\u0103m\u00e2ne o legend\u0103 vie\u201d, a comentat altul.<\/p>\n<p><a href=\"https:\/\/www.realitatea.net\/stiri\/monden\/cum-a-fost-surprins-florin-piersic-la-6-luni-de-la-iesirea-din-spital-foto_6752bd10b207633fcf13ac73\" target=\"_blank\">Pentru Florin Piersic,<\/a> anul 2025 reprezint\u0103 un nou \u00eenceput. \u00cen ciuda greut\u0103\u021bilor, actorul r\u0103m\u00e2ne un exemplu de optimism \u0219i determinare. Cu dorin\u021ba de a \u00eemp\u0103rt\u0103\u0219i din nou bucuria scenei, el continu\u0103 s\u0103 inspire genera\u021bii \u00eentregi.<\/p>\n<p>\u201eDac\u0103 Dumnezeu \u0219i \u00eengerii m\u0103 mai las\u0103, \u00eemi doresc doar s\u0103 m\u0103 \u00eent\u00e2lnesc cu publicul meu. At\u00e2t \u00eemi mai doresc\u201d, a \u00eencheiat Piersic, cu speran\u021ba c\u0103 va putea s\u0103-\u0219i \u00eemp\u0103rt\u0103\u0219easc\u0103 din nou talentul \u0219i povestea cu cei care l-au sus\u021binut de-a lungul unei cariere de excep\u021bie.<\/p>","protected":false},"excerpt":{"rendered":"<p>Recuperare dup\u0103 o perioad\u0103 dificil\u0103 Dup\u0103 ce a \u00eenfruntat o infec\u021bie generalizat\u0103 \u0219i a trecut&hellip;<\/p>\n","protected":false},"author":0,"featured_media":21247,"comment_status":"open","ping_status":"open","sticky":false,"template":"","format":"standard","meta":{"footnotes":""},"categories":[2],"tags":[],"class_list":["post-21246","post","type-post","status-publish","format-standard","has-post-thumbnail","hentry","category-actual"],"_links":{"self":[{"href":"https:\/\/247stiri.ro\/index.php\/wp-json\/wp\/v2\/posts\/21246","targetHints":{"allow":["GET"]}}],"collection":[{"href":"https:\/\/247stiri.ro\/index.php\/wp-json\/wp\/v2\/posts"}],"about":[{"href":"https:\/\/247stiri.ro\/index.php\/wp-json\/wp\/v2\/types\/post"}],"replies":[{"embeddable":true,"href":"https:\/\/247stiri.ro\/index.php\/wp-json\/wp\/v2\/comments?post=21246"}],"version-history":[{"count":0,"href":"https:\/\/247stiri.ro\/index.php\/wp-json\/wp\/v2\/posts\/21246\/revisions"}],"wp:featuredmedia":[{"embeddable":true,"href":"https:\/\/247stiri.ro\/index.php\/wp-json\/wp\/v2\/media\/21247"}],"wp:attachment":[{"href":"https:\/\/247stiri.ro\/index.php\/wp-json\/wp\/v2\/media?parent=21246"}],"wp:term":[{"taxonomy":"category","embeddable":true,"href":"https:\/\/247stiri.ro\/index.php\/wp-json\/wp\/v2\/categories?post=21246"},{"taxonomy":"post_tag","embeddable":true,"href":"https:\/\/247stiri.ro\/index.php\/wp-json\/wp\/v2\/tags?post=21246"}],"curies":[{"name":"wp","href":"https:\/\/api.w.org\/{rel}","templated":true}]}}