{"id":21316,"date":"2025-01-03T21:45:20","date_gmt":"2025-01-03T21:45:20","guid":{"rendered":"https:\/\/247stiri.ro\/index.php\/2025\/01\/03\/incepe-anul-sarpelui-de-lemn-se-anunta-schimbari-fara-precedent\/"},"modified":"2025-01-03T21:45:20","modified_gmt":"2025-01-03T21:45:20","slug":"incepe-anul-sarpelui-de-lemn-se-anunta-schimbari-fara-precedent","status":"publish","type":"post","link":"https:\/\/247stiri.ro\/index.php\/2025\/01\/03\/incepe-anul-sarpelui-de-lemn-se-anunta-schimbari-fara-precedent\/","title":{"rendered":"\u00cencepe anul \u0218arpelui de Lemn. Se anun\u021b\u0103 schimb\u0103ri f\u0103r\u0103 precedent"},"content":{"rendered":"<p>\u00cen Anul \u0218arpelui de Lemn, accentul va fi pus pe creativitate, rela\u021bii armonioase \u0219i decizii luate cu grij\u0103. Este un an bun pentru a investi \u00een educa\u021bie, afaceri \u0219i rela\u021bii personale, dar necesit\u0103 r\u0103bdare \u0219i claritate \u00een toate ac\u021biunile, scrie doctorulzilei.ro.<\/p>\n<p>Potrivit astrologiei chineze, aceast\u0103 perioad\u0103 aduce conexiuni valoroase, oportunit\u0103\u0163i dar \u015fi perioade care cer dans pe s\u00e2rm\u0103!Lemnul sugereaz\u0103 un an al reflec\u021biei interioare<\/p>\n<p>Anul va fi guvernat de \u0218arpe, un simbol al \u00een\u021belepciunii, rafinamentului \u0219i misterului. Elementul asociat, Lemnul, accentueaz\u0103 energia regenerativ\u0103, dezvoltarea personal\u0103 \u0219i armonia. \u00cempreun\u0103, \u0218arpele \u0219i Lemnul sugereaz\u0103 un an al reflec\u021biei interioare \u0219i al lu\u0103rii deciziilor importante.<\/p>\n<p>\u0218arpele, al \u0219aselea animal din ciclul zodiacului chinezesc, este asociat cu inteligen\u021ba, spiritualitatea \u0219i misterul. Acest semn simbolizeaz\u0103 transformarea, un proces lent dar profund, asemeni n\u0103p\u00e2rlirii \u0219arpelui.<\/p>\n<p>Lemnul, ca element, este considerat a fi unul al cre\u0219terii \u0219i vitalit\u0103\u021bii. Reprezint\u0103 energia pozitiv\u0103, stabilitatea \u0219i dorin\u021ba de a construi pe termen lung. \u00cempreun\u0103, \u0218arpele de Lemn sugereaz\u0103 un an \u00een care schimb\u0103rile vor fi sus\u021binute de o baz\u0103 solid\u0103 \u0219i de o abordare meticuloas\u0103.<\/p>","protected":false},"excerpt":{"rendered":"<p>\u00cen Anul \u0218arpelui de Lemn, accentul va fi pus pe creativitate, rela\u021bii armonioase \u0219i decizii&hellip;<\/p>\n","protected":false},"author":0,"featured_media":21317,"comment_status":"open","ping_status":"open","sticky":false,"template":"","format":"standard","meta":{"footnotes":""},"categories":[8],"tags":[],"class_list":["post-21316","post","type-post","status-publish","format-standard","has-post-thumbnail","hentry","category-lifestyle"],"_links":{"self":[{"href":"https:\/\/247stiri.ro\/index.php\/wp-json\/wp\/v2\/posts\/21316","targetHints":{"allow":["GET"]}}],"collection":[{"href":"https:\/\/247stiri.ro\/index.php\/wp-json\/wp\/v2\/posts"}],"about":[{"href":"https:\/\/247stiri.ro\/index.php\/wp-json\/wp\/v2\/types\/post"}],"replies":[{"embeddable":true,"href":"https:\/\/247stiri.ro\/index.php\/wp-json\/wp\/v2\/comments?post=21316"}],"version-history":[{"count":0,"href":"https:\/\/247stiri.ro\/index.php\/wp-json\/wp\/v2\/posts\/21316\/revisions"}],"wp:featuredmedia":[{"embeddable":true,"href":"https:\/\/247stiri.ro\/index.php\/wp-json\/wp\/v2\/media\/21317"}],"wp:attachment":[{"href":"https:\/\/247stiri.ro\/index.php\/wp-json\/wp\/v2\/media?parent=21316"}],"wp:term":[{"taxonomy":"category","embeddable":true,"href":"https:\/\/247stiri.ro\/index.php\/wp-json\/wp\/v2\/categories?post=21316"},{"taxonomy":"post_tag","embeddable":true,"href":"https:\/\/247stiri.ro\/index.php\/wp-json\/wp\/v2\/tags?post=21316"}],"curies":[{"name":"wp","href":"https:\/\/api.w.org\/{rel}","templated":true}]}}