{"id":21324,"date":"2025-01-03T21:45:22","date_gmt":"2025-01-03T21:45:22","guid":{"rendered":"https:\/\/247stiri.ro\/index.php\/2025\/01\/03\/a-vrut-sa-violeze-o-femei-la-un-priveghi-caz-socant-in-judetul-valcea\/"},"modified":"2025-01-03T21:45:22","modified_gmt":"2025-01-03T21:45:22","slug":"a-vrut-sa-violeze-o-femei-la-un-priveghi-caz-socant-in-judetul-valcea","status":"publish","type":"post","link":"https:\/\/247stiri.ro\/index.php\/2025\/01\/03\/a-vrut-sa-violeze-o-femei-la-un-priveghi-caz-socant-in-judetul-valcea\/","title":{"rendered":"A vrut s\u0103 violeze o femei, la un PRIVEGHI. Caz \u0219ocant \u00een jude\u021bul V\u00e2lcea"},"content":{"rendered":"<p>Poli\u0163i\u015ftii din cadrul Sec\u0163iei de Poli\u0163ie Rural\u0103 nr. 4 Prundeni, din jude\u0163ul V\u00e2lcea, au \u00eenceput verific\u0103ri \u00een acest caz dup\u0103 ce o femeie de 64 de ani a reclamat c\u0103 a fost jignit\u0103 \u015fi agresat\u0103 de un b\u0103rbat, care a \u00eencercat s\u0103 o violeze \u00een timpul unui priveghi.\u00a0\u201dDin cercet\u0103rile efectuate, s-a stabilit c\u0103 la data de 2 ianuarie 2025, \u00een jurul orei 08:00, b\u0103rbatul, \u00een v\u00e2rst\u0103 de 44 de ani, din localitatea Orle\u015fti, \u00een timp ce se afla la un priveghi \u00eempreun\u0103 cu persoana v\u0103t\u0103mat\u0103, o femeie de 64 de ani din municipiul R\u00e2mnicu V\u00e2lcea, i-ar fi propus acesteia s\u0103 \u00eentre\u0163in\u0103 raporturi de natur\u0103 sexual\u0103 \u00eempotriva voin\u0163ei sale\u201d, informeaz\u0103 reprezentan\u0163ii Poli\u0163iei jude\u0163ene V\u00e2lcea.\u00a0Surse judiciare au declarat pentru News.ro c\u0103 fapta s-a produs \u00eentr-un moment \u00een care cei doi au r\u0103mas singuri. Femeia a reclamat c\u0103 agresorul a lovit-o cu palmele, a jignit-o \u015fi amenin\u0163at-o.\u00a0\u00a0\u00cen urma sesiz\u0103rii, poli\u0163i\u015ftii au deschis un dosar penal pentru tentativ\u0103 de viol. Vineri, suspectul a fost prezentat Judec\u0103toriei Dr\u0103g\u0103\u015fani, cu propunere de arestare preventiv\u0103, completul de judecat\u0103 emi\u0163\u00e2nd mandat de arestare \u00een dosarul \u00een care este inculpat pentru tentativ\u0103 de viol \u015fi amenin\u0163are.<\/p>","protected":false},"excerpt":{"rendered":"<p>Poli\u0163i\u015ftii din cadrul Sec\u0163iei de Poli\u0163ie Rural\u0103 nr. 4 Prundeni, din jude\u0163ul V\u00e2lcea, au \u00eenceput&hellip;<\/p>\n","protected":false},"author":0,"featured_media":21325,"comment_status":"open","ping_status":"open","sticky":false,"template":"","format":"standard","meta":{"footnotes":""},"categories":[2],"tags":[],"class_list":["post-21324","post","type-post","status-publish","format-standard","has-post-thumbnail","hentry","category-actual"],"_links":{"self":[{"href":"https:\/\/247stiri.ro\/index.php\/wp-json\/wp\/v2\/posts\/21324","targetHints":{"allow":["GET"]}}],"collection":[{"href":"https:\/\/247stiri.ro\/index.php\/wp-json\/wp\/v2\/posts"}],"about":[{"href":"https:\/\/247stiri.ro\/index.php\/wp-json\/wp\/v2\/types\/post"}],"replies":[{"embeddable":true,"href":"https:\/\/247stiri.ro\/index.php\/wp-json\/wp\/v2\/comments?post=21324"}],"version-history":[{"count":0,"href":"https:\/\/247stiri.ro\/index.php\/wp-json\/wp\/v2\/posts\/21324\/revisions"}],"wp:featuredmedia":[{"embeddable":true,"href":"https:\/\/247stiri.ro\/index.php\/wp-json\/wp\/v2\/media\/21325"}],"wp:attachment":[{"href":"https:\/\/247stiri.ro\/index.php\/wp-json\/wp\/v2\/media?parent=21324"}],"wp:term":[{"taxonomy":"category","embeddable":true,"href":"https:\/\/247stiri.ro\/index.php\/wp-json\/wp\/v2\/categories?post=21324"},{"taxonomy":"post_tag","embeddable":true,"href":"https:\/\/247stiri.ro\/index.php\/wp-json\/wp\/v2\/tags?post=21324"}],"curies":[{"name":"wp","href":"https:\/\/api.w.org\/{rel}","templated":true}]}}