{"id":21376,"date":"2025-01-04T09:45:14","date_gmt":"2025-01-04T09:45:14","guid":{"rendered":"https:\/\/247stiri.ro\/index.php\/2025\/01\/04\/romanii-isi-vor-putea-recicla-hainele-ce-spune-ministrul-mediului-despre-noua-lege\/"},"modified":"2025-01-04T09:45:14","modified_gmt":"2025-01-04T09:45:14","slug":"romanii-isi-vor-putea-recicla-hainele-ce-spune-ministrul-mediului-despre-noua-lege","status":"publish","type":"post","link":"https:\/\/247stiri.ro\/index.php\/2025\/01\/04\/romanii-isi-vor-putea-recicla-hainele-ce-spune-ministrul-mediului-despre-noua-lege\/","title":{"rendered":"Rom\u00e2nii \u00ee\u0219i vor putea recicla hainele. Ce spune ministrul Mediului despre noua lege"},"content":{"rendered":"<p>Conform declara\u021biilor sale, noua lege se va aplica pe \u00eentreg teritoriul \u021b\u0103rii, oferind op\u021biuni variate pentru colectarea textilelor, fie prin servicii de colectare direct\u0103 de la u\u0219a cet\u0103\u021benilor, fie prin puncte de colectare cu aport voluntar. Alegerea metodei de colectare va fi l\u0103sat\u0103 la discre\u021bia primarilor, ceea ce subliniaz\u0103 importan\u021ba implic\u0103rii comunit\u0103\u021bilor locale \u00een promovarea unei economii circulare \u0219i a unui comportament responsabil fa\u021b\u0103 de mediu.<\/p>\n<p>\u201eF\u0103r\u0103 \u00eendoial\u0103, legea se aplic\u0103 \u00een toat\u0103 \u021bara, at\u00e2t \u00een mediul urban, c\u00e2t \u0219i \u00een mediul rural. Mai departe, m\u0103sura \u00een care aceast\u0103 colectare a frac\u021biei textile se va face din poart\u0103 \u00een poart\u0103, sau la puncte de colectare cu aport voluntar, r\u0103m\u00e2ne la latitudinea primarului.<\/p>\n<p>Obliga\u021bia este aceea de a modifica contractele de delegare pentru serviciul de salubrizare, astfel \u00eenc\u00e2t, \u00eencep\u00e2nd cu anul acesta s\u0103 avem \u0219i colectarea separat\u0103 a textilelor. Am constatat, atunci c\u00e2nd am f\u0103cut determin\u0103ri de compozi\u021bie a de\u0219eurilor care ajung pe groapa de gunoi, c\u0103 o parte \u00eensemnat\u0103 din volumul acelor de\u0219euri era alc\u0103tuit\u0103 \u0219i din astfel de materii, cum ar fi textilele, haine vechi sau alte tipuri de textile. Ele trebuie tratate, \u0219i trebuie reciclate\u201d, a spus Mircea Fechet.<\/p>\n<p>Ministrul a men\u021bionat c\u0103, \u00een prezent, Uniunea European\u0103 nu dispune de suficiente capacit\u0103\u021bi pentru reciclarea de\u0219eurilor textile. Fechet a subliniat c\u0103 hainele uzate pot fi valorificate energetic sau preg\u0103tite pentru a fi reutilizate. De asemenea, acesta a oferit explica\u021bii cu privire la soarta magazinelor second hand.<\/p>\n<p>\u201eNici \u00een Rom\u00e2nia, nici \u00een restul Uniunii Europene nu exist\u0103 deocamdat\u0103 capacit\u0103\u021bi suficiente de reciclare a de\u0219eurilor textile.Asta \u0219i pentru c\u0103 acest proces este unul extrem de complicat. Compozi\u021bia fiec\u0103rui material difer\u0103 \u00een func\u021bie de articolul vestimentar.<\/p>\n<p>O hain\u0103 poate avea mai multe materiale, ceea ce d\u0103 b\u0103t\u0103i de cap reciclatorilor. Spre deosebire de h\u00e2rtie, de carton, de aluminiu sau de PET, unde lucrurile sunt mai simple. Reciclarea e una dintre metode. La fel de bine, ele pot fi valorificate energetic. O alt\u0103 metod\u0103 prin care le putem gestiona este legat\u0103 de reutilizarea acestor haine.<\/p>\n<p>Sunt hainele second-hand cu care suntem obi\u0219nui\u021bi. \u00cen Rom\u00e2nia exist\u0103 foarte multe astfel de magazine. Din p\u0103cate, sunt anumite grup\u0103ri care introduc \u00een Rom\u00e2nia \u00een mod ilegal de\u0219euri mascate sub aceast\u0103 titulatur\u0103 de haine second hand, iar acum, odat\u0103 cu intrarea \u00een Schengen, aten\u021bia statului rom\u00e2n va trebui s\u0103 fie cu at\u00e2t mai mare ca astfel de lucruri s\u0103 nu se mai \u00eent\u00e2mple\u201d, a spus Fechet, \u00een cadrul unei interven\u021bii tv.<\/p>\n<p>\u201eObliga\u021bia fiec\u0103rui UAT (prim\u0103rie \u2013 n.red.) este aceea de a asigura puncte de colectare. C\u0103 aceste puncte vor fi unul la 10 blocuri, sau unu la 20 de blocuri, r\u0103m\u00e2ne la latitudinea fiec\u0103rui primar. E pu\u021bin probabil s\u0103 mai s\u0103 avem o nou\u0103 frac\u021bie colectat\u0103 din poart\u0103 \u00een poart\u0103, pentru c\u0103 acest tip de colectare genereaz\u0103 ni\u0219te costuri, iar \u00een cazul materialelor reciclabile, ideal ar fi ca acele costuri de colectare s\u0103 fie acoperite din v\u00e2nzarea materialului reciclabil\u201d, a ad\u0103ugat ministrul Mediului.<\/p>\n<p><a href=\"https:\/\/www.realitatea.net\/stiri\/actual\/mircea-fechet-ministrul-mediului-despre-prioritatile-noului-mandat-de-la-investitii-care-au-in-primplan-apa-pana-la-imbunatatirea-calitatii-aerului-si-programele-prin-care-venim-cu-solutii-de-finantare-verzi_6769d9fa2ab2794d7a5cb052\" target=\"_blank\">Mircea Fechet, ministrul Mediului, despre priorit\u0103\u0163ile noului mandat: De la investi\u0163ii care au \u00een prim-plan apa p\u00e2n\u0103 la \u00eembun\u0103t\u0103\u0163irea calit\u0103\u0163ii aerului \u015fi programele prin care venim cu solu\u0163ii de finan\u0163are verzi<\/a><\/p>","protected":false},"excerpt":{"rendered":"<p>Conform declara\u021biilor sale, noua lege se va aplica pe \u00eentreg teritoriul \u021b\u0103rii, oferind op\u021biuni variate&hellip;<\/p>\n","protected":false},"author":0,"featured_media":21377,"comment_status":"open","ping_status":"open","sticky":false,"template":"","format":"standard","meta":{"footnotes":""},"categories":[2],"tags":[],"class_list":["post-21376","post","type-post","status-publish","format-standard","has-post-thumbnail","hentry","category-actual"],"_links":{"self":[{"href":"https:\/\/247stiri.ro\/index.php\/wp-json\/wp\/v2\/posts\/21376","targetHints":{"allow":["GET"]}}],"collection":[{"href":"https:\/\/247stiri.ro\/index.php\/wp-json\/wp\/v2\/posts"}],"about":[{"href":"https:\/\/247stiri.ro\/index.php\/wp-json\/wp\/v2\/types\/post"}],"replies":[{"embeddable":true,"href":"https:\/\/247stiri.ro\/index.php\/wp-json\/wp\/v2\/comments?post=21376"}],"version-history":[{"count":0,"href":"https:\/\/247stiri.ro\/index.php\/wp-json\/wp\/v2\/posts\/21376\/revisions"}],"wp:featuredmedia":[{"embeddable":true,"href":"https:\/\/247stiri.ro\/index.php\/wp-json\/wp\/v2\/media\/21377"}],"wp:attachment":[{"href":"https:\/\/247stiri.ro\/index.php\/wp-json\/wp\/v2\/media?parent=21376"}],"wp:term":[{"taxonomy":"category","embeddable":true,"href":"https:\/\/247stiri.ro\/index.php\/wp-json\/wp\/v2\/categories?post=21376"},{"taxonomy":"post_tag","embeddable":true,"href":"https:\/\/247stiri.ro\/index.php\/wp-json\/wp\/v2\/tags?post=21376"}],"curies":[{"name":"wp","href":"https:\/\/api.w.org\/{rel}","templated":true}]}}