{"id":21378,"date":"2025-01-04T09:45:14","date_gmt":"2025-01-04T09:45:14","guid":{"rendered":"https:\/\/247stiri.ro\/index.php\/2025\/01\/04\/socant-liderii-psd-recunosc-ca-i-au-dat-voturi-lui-george-simion\/"},"modified":"2025-01-04T09:45:14","modified_gmt":"2025-01-04T09:45:14","slug":"socant-liderii-psd-recunosc-ca-i-au-dat-voturi-lui-george-simion","status":"publish","type":"post","link":"https:\/\/247stiri.ro\/index.php\/2025\/01\/04\/socant-liderii-psd-recunosc-ca-i-au-dat-voturi-lui-george-simion\/","title":{"rendered":"\u0218ocant: Liderii PSD recunosc c\u0103 i-au dat voturi lui George Simion"},"content":{"rendered":"<p>Cei doi au f\u0103cut o serie de m\u0103rturisiri halucinante \u00eentr-un filmule\u021b postat chiar pe tiktok, re\u021beaua social\u0103 at\u00e2t de blamat\u0103 de politicienii care au pierdut \u00een alegeri.\u00a0<\/p>\n<p>\u00cen videoclip, liderul local Alfred Simonis admite \u00een fa\u021ba pre\u0219edintelui PSD, Marcel Ciolacu, c\u0103 partidul a redirec\u021bionat voturi pentru \u0219eful AUR, George Simion, la primul tur al alegerilor preziden\u021biale, desf\u0103\u0219urat pe 24 noiembrie.\u00a0<\/p>\n<p>La minutul 1.40, Alfred Simonis, lider PSD, \u00eei spune \u0219efului pre\u0219edintelui de partid: \u201e\u00ce\u021bi aminte\u0219ti c\u00e2nd tu spuneai la partid s\u0103 nu \u00eei dea nimeni voturi lui Simion pentru c\u0103 nu suntem siguri c\u0103 intr\u0103m \u00een turul II?\u00a0S\u0103 \u0218tii c\u0103 to\u021bi i-am dat\u201d.\u00a0<\/p>\n<p>Ulterior \u0219eful Marcel Ciolacu a afirmat:\u00a0\u201e\u00cemi pare r\u0103u c\u0103 \u00een aceea duminic\u0103 s\u0103 m\u0103 v\u0103d cu fii-miu. E\u0219ti p\u0103rinte ca \u0219i mine, \u00een schimb Filip este mai mare dec\u00e2t copiii t\u0103i. Am sim\u021bit c\u0103 este o presiune pe el \u0219i ai \u0219i v\u0103zut c\u0103 a venit \u00een noaptea aia \u00een bermude fiind 5 grade afar\u0103. \u0218i \u00eemi pare r\u0103u c\u0103 am plecat \u0219i nu am insistat \u0219i nu am stat acolo ca s\u0103 nu se \u00eent\u00e2mple acest lucru\u201d, a spus Ciolacu.<\/p>\n<p><a title=\"@marcel_ciolacu\" href=\"https:\/\/www.tiktok.com\/@marcel_ciolacu?refer=embed\" target=\"_blank\">@marcel_ciolacu<\/a> Ascult\u0103m \u0219i nu judec\u0103m cu Alfred Simonis \ud83d\udc40 <a title=\"marcelciolacu\" href=\"https:\/\/www.tiktok.com\/tag\/marcelciolacu?refer=embed\" target=\"_blank\">#marcelciolacu<\/a> <a title=\"psd\" href=\"https:\/\/www.tiktok.com\/tag\/psd?refer=embed\" target=\"_blank\">#psd<\/a> <a title=\"romania\" href=\"https:\/\/www.tiktok.com\/tag\/romania?refer=embed\" target=\"_blank\">#romania<\/a> <a title=\"emotii\" href=\"https:\/\/www.tiktok.com\/tag\/emotii?refer=embed\" target=\"_blank\">#emotii<\/a> <a title=\"ascultamsinujudecam\" href=\"https:\/\/www.tiktok.com\/tag\/ascultamsinujudecam?refer=embed\" target=\"_blank\">#ascultamsinujudecam<\/a> @Alfred Simonis <a title=\"\u266c original sound - marcel_ciolacu\" href=\"https:\/\/www.tiktok.com\/music\/original-sound-7455743393151437590?refer=embed\" target=\"_blank\">\u266c original sound &#8211; marcel_ciolacu<\/a><\/p>\n<p>Dup\u0103 acest schimb de replici \u00een cazul alegerilor preziden\u021biale de anul trecut, cei doi continu\u0103 cu alte dest\u0103inuiri.\u00a0<\/p>\n<p>Marcel Ciolacu a ratat intrarea \u00een turul II la votul de pe 24 noiembrie, la aproximativ 3000 de voturi, devenind primul lider PSD care nu a reu\u0219it s\u0103 intre \u00een cel de-al doilea scrutin \u00een ultimii 35 de ani. \u0218eful PSD s-a clasat pe locul trei la alegerile preziden\u021biale, dup\u0103 C\u0103lin Georgescu \u0219i Elena Lasconi. George Simion s-a clasat pe locul patru.<\/p>\n<p><a title=\"Marcel Ciolacu s-a tatuat in noaptea de Revelion VIDEO\" href=\"https:\/\/www.realitatea.net\/stiri\/actual\/marcel-ciolacu-sa-tatuat-in-noaptea-de-revelion-video_6774fa2befef043925103515\">Marcel Ciolacu s-a tatuat \u00een noaptea de Revelion VIDEO<\/a><\/p>","protected":false},"excerpt":{"rendered":"<p>Cei doi au f\u0103cut o serie de m\u0103rturisiri halucinante \u00eentr-un filmule\u021b postat chiar pe tiktok,&hellip;<\/p>\n","protected":false},"author":0,"featured_media":21366,"comment_status":"open","ping_status":"open","sticky":false,"template":"","format":"standard","meta":{"footnotes":""},"categories":[2],"tags":[],"class_list":["post-21378","post","type-post","status-publish","format-standard","has-post-thumbnail","hentry","category-actual"],"_links":{"self":[{"href":"https:\/\/247stiri.ro\/index.php\/wp-json\/wp\/v2\/posts\/21378","targetHints":{"allow":["GET"]}}],"collection":[{"href":"https:\/\/247stiri.ro\/index.php\/wp-json\/wp\/v2\/posts"}],"about":[{"href":"https:\/\/247stiri.ro\/index.php\/wp-json\/wp\/v2\/types\/post"}],"replies":[{"embeddable":true,"href":"https:\/\/247stiri.ro\/index.php\/wp-json\/wp\/v2\/comments?post=21378"}],"version-history":[{"count":0,"href":"https:\/\/247stiri.ro\/index.php\/wp-json\/wp\/v2\/posts\/21378\/revisions"}],"wp:featuredmedia":[{"embeddable":true,"href":"https:\/\/247stiri.ro\/index.php\/wp-json\/wp\/v2\/media\/21366"}],"wp:attachment":[{"href":"https:\/\/247stiri.ro\/index.php\/wp-json\/wp\/v2\/media?parent=21378"}],"wp:term":[{"taxonomy":"category","embeddable":true,"href":"https:\/\/247stiri.ro\/index.php\/wp-json\/wp\/v2\/categories?post=21378"},{"taxonomy":"post_tag","embeddable":true,"href":"https:\/\/247stiri.ro\/index.php\/wp-json\/wp\/v2\/tags?post=21378"}],"curies":[{"name":"wp","href":"https:\/\/api.w.org\/{rel}","templated":true}]}}