{"id":21381,"date":"2025-01-04T10:45:30","date_gmt":"2025-01-04T10:45:30","guid":{"rendered":"https:\/\/247stiri.ro\/index.php\/2025\/01\/04\/delta-dunarii-in-flacari-incendiul-de-vegetatie-a-pornit-din-zona-localitatii-sulina-si-s-a-dezvoltat-cu-repeziciune\/"},"modified":"2025-01-04T10:45:30","modified_gmt":"2025-01-04T10:45:30","slug":"delta-dunarii-in-flacari-incendiul-de-vegetatie-a-pornit-din-zona-localitatii-sulina-si-s-a-dezvoltat-cu-repeziciune","status":"publish","type":"post","link":"https:\/\/247stiri.ro\/index.php\/2025\/01\/04\/delta-dunarii-in-flacari-incendiul-de-vegetatie-a-pornit-din-zona-localitatii-sulina-si-s-a-dezvoltat-cu-repeziciune\/","title":{"rendered":"Delta Dun\u0103rii, \u00een fl\u0103c\u0103ri. Incendiul de vegeta\u021bie a pornit din zona localit\u0103\u0163ii Sulina \u0219i s-a dezvoltat cu repeziciune"},"content":{"rendered":"<p>Reprezentan\u021bii ISU au declarat c\u0103 nu au fost identificate obiective economice sau alte puncte de interes aflate \u00een pericol, deoarece incendiul este \u00eenconjurat de canale. Situa\u021bia din zon\u0103 este monitorizat\u0103 constant de agen\u021bii ARBDD, iar ISU Tulcea men\u021bine o comunicare constant\u0103 cu autorit\u0103\u021bile locale. De asemenea, ace\u0219tia subliniaz\u0103 c\u0103 arderea vegeta\u021biei uscate \u0219i a resturilor vegetale este interzis\u0103 prin lege.<\/p>\n<p>\u00a0\u201dIncendiul a fost semnalat Inspectoratului pentru Situa\u0163ii de Urgen\u0163\u0103 \u201eDELTA\u201d al jude\u0163ului Tulcea de c\u0103tre agen\u0163ii ecologi din cadrul ARBDD viineri, \u00een cursul dimine\u0163ii.Conform inform\u0103rii primite, incendiul se manifest\u0103 \u00een zona de Nord a ora\u015fului Sulina, \u00een amonte de localitate, pe malul st\u00e2ng al Bra\u0163ului Sulina \u00een zona prospect (\u00eentre localit\u0103\u0163ile Cardon &#8211; Sulina). \u00cen urma evalu\u0103rii transmise, nu au fost identificate obiective economice care s\u0103 fie \u00een pericol \u015fi nici alte obiective de interes, incendiul fiind \u00eenconjurat de canale\u201d, a transmis ISU printr-un comunicat.<\/p>\n<p>Conform reprezentan\u0163lor ISU, astfel de incendii se produc des \u015fi se dezvolt\u0103 cu repeziciune din cauza v\u00e2ntului puternic \u015fi a vegeta\u0163iei care \u00een aceast\u0103 perioad\u0103 este foarte uscat\u0103.\u201dDe asemenea, facem un apel la popula\u0163ia din zona Deltei s\u0103 foloseasc\u0103 cu responsabilitate sursele de foc \u00een zonele cu pericol de incendiu, s\u0103 nu lase jar aprins \u015fi s\u0103 nu provoace cu inten\u0163ie incendieri a vegeta\u0163iei stuficole!\u00a0 Acest tip de incendii nu numai c\u0103 pot pune \u00een pericol via\u0163a locuitorilor din zonele afectate, dar este un pericol real \u015fi pentru bunurile acestora, a faunei din zona protejat\u0103 dar \u015fi a celor care intervin pentru lichidarea acestora. Aducem la cuno\u015ftin\u0163\u0103 c\u0103 incendierea vegeta\u0163iei uscate \u015fi a resturilor vegetale este interzis\u0103 prin lege, cu at\u00e2t mai mult \u00een zonele strict protejate precum este cea a Rezerva\u0163iei Biosferei Delta Dun\u0103rii \u015fi se sanc\u0163ioneaz\u0103!\u201d, a mai men\u021bionat ISU.\u00a0Dup\u0103 interven\u021bia pompierilor incendiul a fost stins\u00a0\u201dIncendiul produs \u00een zona prospect de l\u00e2ng\u0103 localitatea Sulina, unde a ars vegeta\u0163ie uscat\u0103, stuf \u015fi papur\u0103 s-a stins noaptea trecut\u0103 \u00een jurul orelor 4-5.\u00a0\u00a0Nu au fost \u00eenregistrate pagube la obiective de interes din zon\u0103, focarele fiind monitorizate \u00een permanen\u0163\u0103 de c\u0103tre autorit\u0103\u0163ile locale, agen\u0163ii Rezerva\u0163iei Biosferei Delta Dun\u0103rii \u015fi un echipaj de pompieri din cadrul Pichetului Nave Operative Cri\u015fan\u201d, a mai informat ISU.\u00a0<a title=\"Sfarsit tragic pentru o batrana din Prahova. A murit in noaptea de Revelion in locuinta cuprinsa de flacari\" href=\"https:\/\/www.realitatea.net\/stiri\/actual\/sfarsit-tragic-pentru-o-batrana-din-prahova-a-murit-in-noaptea-de-revelion-in-locuinta-cuprinsa-de-flacari_6774fcf8efef04392510351a\">Sf\u00e2r\u0219it tragic pentru o b\u0103tr\u00e2n\u0103 din Prahova. A murit \u00een noaptea de Revelion \u00een locuin\u021ba cuprins\u0103 de fl\u0103c\u0103ri<\/a><\/p>","protected":false},"excerpt":{"rendered":"<p>Reprezentan\u021bii ISU au declarat c\u0103 nu au fost identificate obiective economice sau alte puncte de&hellip;<\/p>\n","protected":false},"author":0,"featured_media":21382,"comment_status":"open","ping_status":"open","sticky":false,"template":"","format":"standard","meta":{"footnotes":""},"categories":[2],"tags":[],"class_list":["post-21381","post","type-post","status-publish","format-standard","has-post-thumbnail","hentry","category-actual"],"_links":{"self":[{"href":"https:\/\/247stiri.ro\/index.php\/wp-json\/wp\/v2\/posts\/21381","targetHints":{"allow":["GET"]}}],"collection":[{"href":"https:\/\/247stiri.ro\/index.php\/wp-json\/wp\/v2\/posts"}],"about":[{"href":"https:\/\/247stiri.ro\/index.php\/wp-json\/wp\/v2\/types\/post"}],"replies":[{"embeddable":true,"href":"https:\/\/247stiri.ro\/index.php\/wp-json\/wp\/v2\/comments?post=21381"}],"version-history":[{"count":0,"href":"https:\/\/247stiri.ro\/index.php\/wp-json\/wp\/v2\/posts\/21381\/revisions"}],"wp:featuredmedia":[{"embeddable":true,"href":"https:\/\/247stiri.ro\/index.php\/wp-json\/wp\/v2\/media\/21382"}],"wp:attachment":[{"href":"https:\/\/247stiri.ro\/index.php\/wp-json\/wp\/v2\/media?parent=21381"}],"wp:term":[{"taxonomy":"category","embeddable":true,"href":"https:\/\/247stiri.ro\/index.php\/wp-json\/wp\/v2\/categories?post=21381"},{"taxonomy":"post_tag","embeddable":true,"href":"https:\/\/247stiri.ro\/index.php\/wp-json\/wp\/v2\/tags?post=21381"}],"curies":[{"name":"wp","href":"https:\/\/api.w.org\/{rel}","templated":true}]}}