{"id":21391,"date":"2025-01-04T11:45:01","date_gmt":"2025-01-04T11:45:01","guid":{"rendered":"https:\/\/247stiri.ro\/index.php\/2025\/01\/04\/o-femeie-de-30-de-ani-principalul-suspect-dupa-ce-o-masina-a-fost-incendiata-in-sectorul-3-al-capitalei\/"},"modified":"2025-01-04T11:45:01","modified_gmt":"2025-01-04T11:45:01","slug":"o-femeie-de-30-de-ani-principalul-suspect-dupa-ce-o-masina-a-fost-incendiata-in-sectorul-3-al-capitalei","status":"publish","type":"post","link":"https:\/\/247stiri.ro\/index.php\/2025\/01\/04\/o-femeie-de-30-de-ani-principalul-suspect-dupa-ce-o-masina-a-fost-incendiata-in-sectorul-3-al-capitalei\/","title":{"rendered":"O femeie de 30 de ani, principalul suspect dup\u0103 ce o ma\u0219in\u0103 a fost incendiat\u0103 \u00een Sectorul 3 al Capitalei"},"content":{"rendered":"<p>Conform unui comunicat emis de Poli\u021bia Capitalei, agen\u021bii din cadrul Sec\u021biei 12 Poli\u021bie au fost alerta\u021bi vineri prin apelul de urgen\u021b\u0103 112 cu privire la un incendiu care a izbucnit la o ma\u0219in\u0103 \u00eentr-o zon\u0103 din Sectorul 3.<\/p>\n<p>Poli\u021bi\u0219tii au izolat zona incidentului, iar mai multe echipaje de pompieri au intervenit pentru stingerea focului.<\/p>\n<p>Din fericire, evenimentul a generat doar pagube materiale, incendiul extinz\u00e2ndu-se la alte dou\u0103 vehicule parcate \u00een apropiere, conform autorit\u0103\u021bilor.<\/p>\n<p>Investiga\u021biile efectuate au condus la concluzia c\u0103 focul ar fi fost provocat de femeia de 30 de ani, afirm\u0103 anchetatorii.<\/p>\n<p>Aceasta a fost g\u0103sit\u0103 la scurt timp la o adres\u0103 din Sectorul 3 \u0219i a fost dus\u0103 la sediul Sec\u021biei 12 Poli\u021bie pentru audieri \u0219i pentru aplicarea m\u0103surilor legale necesare.<\/p>\n<p>Femeia a fost re\u021binut\u0103 pentru o perioad\u0103 de 24 de ore, urm\u00e2nd ca \u00een cursul zilei de s\u00e2mb\u0103t\u0103 s\u0103 fie prezentat\u0103 \u00een fa\u021ba magistra\u021bilor cu propunerea corespunz\u0103toare.<\/p>\n<p>Cercet\u0103rile continu\u0103 sub supravegherea Parchetului de pe l\u00e2ng\u0103 Judec\u0103toria Sectorului 3, fiind coordonate de poli\u021bi\u0219tii din cadrul Sec\u021biei 12 Poli\u021bie.<\/p>\n<p><a title=\"Delta Dunarii, in flacari. Incendiul de vegetatie a pornit din zona localitatii Sulina si s-a dezvoltat cu repeziciune\" href=\"https:\/\/www.realitatea.net\/stiri\/actual\/delta-dunarii-in-flacari-incendiul-de-vegetatie-a-pornit-din-zona-localitatii-sulina-si-sa-dezvoltat-cu-repeziciune_677907946c6d3162560b0042\">Delta Dun\u0103rii, \u00een fl\u0103c\u0103ri. Incendiul de vegeta\u021bie a pornit din zona localit\u0103\u0163ii Sulina \u0219i s-a dezvoltat cu repeziciune<\/a><\/p>\n<p>\u00a0<\/p>","protected":false},"excerpt":{"rendered":"<p>Conform unui comunicat emis de Poli\u021bia Capitalei, agen\u021bii din cadrul Sec\u021biei 12 Poli\u021bie au fost&hellip;<\/p>\n","protected":false},"author":0,"featured_media":21392,"comment_status":"open","ping_status":"open","sticky":false,"template":"","format":"standard","meta":{"footnotes":""},"categories":[2],"tags":[],"class_list":["post-21391","post","type-post","status-publish","format-standard","has-post-thumbnail","hentry","category-actual"],"_links":{"self":[{"href":"https:\/\/247stiri.ro\/index.php\/wp-json\/wp\/v2\/posts\/21391","targetHints":{"allow":["GET"]}}],"collection":[{"href":"https:\/\/247stiri.ro\/index.php\/wp-json\/wp\/v2\/posts"}],"about":[{"href":"https:\/\/247stiri.ro\/index.php\/wp-json\/wp\/v2\/types\/post"}],"replies":[{"embeddable":true,"href":"https:\/\/247stiri.ro\/index.php\/wp-json\/wp\/v2\/comments?post=21391"}],"version-history":[{"count":0,"href":"https:\/\/247stiri.ro\/index.php\/wp-json\/wp\/v2\/posts\/21391\/revisions"}],"wp:featuredmedia":[{"embeddable":true,"href":"https:\/\/247stiri.ro\/index.php\/wp-json\/wp\/v2\/media\/21392"}],"wp:attachment":[{"href":"https:\/\/247stiri.ro\/index.php\/wp-json\/wp\/v2\/media?parent=21391"}],"wp:term":[{"taxonomy":"category","embeddable":true,"href":"https:\/\/247stiri.ro\/index.php\/wp-json\/wp\/v2\/categories?post=21391"},{"taxonomy":"post_tag","embeddable":true,"href":"https:\/\/247stiri.ro\/index.php\/wp-json\/wp\/v2\/tags?post=21391"}],"curies":[{"name":"wp","href":"https:\/\/api.w.org\/{rel}","templated":true}]}}